{"id":56696,"date":"2026-02-23T08:45:23","date_gmt":"2026-02-23T07:45:23","guid":{"rendered":"https:\/\/www.eramet.com\/?p=56696"},"modified":"2026-02-26T11:28:20","modified_gmt":"2026-02-26T10:28:20","slug":"declaration-relative-a-lincendie-survenu-sur-lunite-dextraction-du-site-deramet-grande-cote-au-senegal","status":"publish","type":"post","link":"https:\/\/www.eramet.com\/fr\/news\/declaration-relative-a-lincendie-survenu-sur-lunite-dextraction-du-site-deramet-grande-cote-au-senegal\/","title":{"rendered":"D\u00e9claration relative \u00e0 l\u2019incendie survenu sur l\u2019unit\u00e9 d\u2019extraction du site d\u2019Eramet Grande C\u00f4te au S\u00e9n\u00e9gal"},"content":{"rendered":"<div class=\"fusion-fullwidth fullwidth-box fusion-builder-row-1 fusion-flex-container has-pattern-background has-mask-background nonhundred-percent-fullwidth non-hundred-percent-height-scrolling\" style=\"--awb-border-radius-top-left:0px;--awb-border-radius-top-right:0px;--awb-border-radius-bottom-right:0px;--awb-border-radius-bottom-left:0px;--awb-flex-wrap:wrap;\" ><div class=\"fusion-builder-row fusion-row fusion-flex-align-items-flex-start fusion-flex-justify-content-center fusion-flex-content-wrap\" style=\"max-width:1468.8px;margin-left: calc(-2% \/ 2 );margin-right: calc(-2% \/ 2 );\"><div class=\"fusion-layout-column fusion_builder_column fusion-builder-column-0 fusion_builder_column_2_3 2_3 fusion-flex-column\" style=\"--awb-bg-size:cover;--awb-width-large:66.666666666667%;--awb-margin-top-large:0px;--awb-spacing-right-large:1.47%;--awb-margin-bottom-large:20px;--awb-spacing-left-large:1.47%;--awb-width-medium:66.666666666667%;--awb-order-medium:0;--awb-spacing-right-medium:1.47%;--awb-spacing-left-medium:1.47%;--awb-width-small:100%;--awb-order-small:0;--awb-spacing-right-small:0.98%;--awb-spacing-left-small:0.98%;\"><div class=\"fusion-column-wrapper fusion-column-has-shadow fusion-flex-justify-content-flex-start fusion-content-layout-column\"><div class=\"fusion-text fusion-text-1\"><p>D\u00e8s le d\u00e9part du feu sur l\u2019usine d\u2019extraction WCP (<em>Wet Concentration Plan<\/em>), les autorit\u00e9s territoriales et administratives ont \u00e9t\u00e9 inform\u00e9es et un dispositif d\u00e9di\u00e9 a \u00e9t\u00e9 activ\u00e9 afin d\u2019assurer une information r\u00e9guli\u00e8re et transparente des communaut\u00e9s riveraines sur l\u2019\u00e9volution de la situation.<\/p>\n<p>L\u2019intervention imm\u00e9diate des \u00e9quipes internes d\u2019intervention d\u2019Eramet Grande C\u00f4te (<em>ERT \u2013 Emergency Response Team<\/em>), mobilis\u00e9es sans d\u00e9lai en coordination avec les sapeurs-pompiers des localit\u00e9s voisines, a permis de ma\u00eetriser la situation et d\u2019\u00e9teindre l\u2019incendie. Les \u00e9quipes ont ensuite proc\u00e9d\u00e9 \u00e0 des op\u00e9rations de refroidissement des installations tout en poursuivant la s\u00e9curisation du p\u00e9rim\u00e8tre concern\u00e9.<\/p>\n<p>La s\u00e9curit\u00e9 des collaborateurs, des sous-traitants et des populations environnantes demeure la priorit\u00e9 absolue du Groupe Eramet et de sa filiale Eramet Grande C\u00f4te.<\/p>\n<p>Une enqu\u00eate est en cours afin de d\u00e9terminer les causes de l\u2019incendie, de v\u00e9rifier l\u2019\u00e9tat g\u00e9n\u00e9ral de l\u2019usine et d\u2019\u00e9valuer l\u2019impact de l\u2019\u00e9v\u00e8nement sur l\u2019activit\u00e9 du site. Les premi\u00e8res constatations indiquent que le feu a \u00e9t\u00e9 circonscrit \u00e0 l\u2019amont de la WCP et que les spirales de s\u00e9paration des sables min\u00e9ralis\u00e9s n\u2019ont pas \u00e9t\u00e9 touch\u00e9es.<\/p>\n<p>Le Groupe Eramet communiquera de nouveau d\u00e8s que des informations compl\u00e9mentaires seront disponibles.<\/p>\n<\/div><\/div><\/div><\/div><\/div>\n","protected":false},"excerpt":{"rendered":"","protected":false},"author":3,"featured_media":0,"comment_status":"closed","ping_status":"closed","sticky":false,"template":"","format":"standard","meta":{"_acf_changed":false,"inline_featured_image":false,"footnotes":""},"categories":[31,32],"tags":[151,143],"class_list":["post-56696","post","type-post","status-publish","format-standard","hentry","category-finance","category-groupe","tag-eramet-grande-cote","tag-senegal","nature-communique-de-presse","type-autre-publication"],"acf":{"pdf":56697,"titre_du_pdf":"","pdf_rendering":true},"yoast_head":"<!-- This site is optimized with the Yoast SEO plugin v25.3.1 - https:\/\/yoast.com\/wordpress\/plugins\/seo\/ -->\n<title>D\u00e9claration relative \u00e0 l\u2019incendie survenu sur l\u2019unit\u00e9 d\u2019extraction du site d\u2019Eramet Grande C\u00f4te au S\u00e9n\u00e9gal - 23 f\u00e9vrier 2026 - News - Eramet<\/title>\n<meta name=\"robots\" content=\"index, follow, max-snippet:-1, max-image-preview:large, max-video-preview:-1\" \/>\n<link rel=\"canonical\" href=\"https:\/\/www.eramet.com\/fr\/news\/declaration-relative-a-lincendie-survenu-sur-lunite-dextraction-du-site-deramet-grande-cote-au-senegal\/\" \/>\n<meta property=\"og:locale\" content=\"fr_FR\" \/>\n<meta property=\"og:type\" content=\"article\" \/>\n<meta property=\"og:title\" content=\"D\u00e9claration relative \u00e0 l\u2019incendie survenu sur l\u2019unit\u00e9 d\u2019extraction du site d\u2019Eramet Grande C\u00f4te au S\u00e9n\u00e9gal - 23 f\u00e9vrier 2026 - News - Eramet\" \/>\n<meta property=\"og:url\" content=\"https:\/\/www.eramet.com\/fr\/news\/declaration-relative-a-lincendie-survenu-sur-lunite-dextraction-du-site-deramet-grande-cote-au-senegal\/\" \/>\n<meta property=\"og:site_name\" content=\"Eramet\" \/>\n<meta property=\"article:publisher\" content=\"https:\/\/www.facebook.com\/Erametgroupe\/\" \/>\n<meta property=\"article:published_time\" content=\"2026-02-23T07:45:23+00:00\" \/>\n<meta property=\"article:modified_time\" content=\"2026-02-26T10:28:20+00:00\" \/>\n<meta property=\"og:image\" content=\"https:\/\/www.eramet.com\/wp-content\/uploads\/2023\/12\/site-image.png\" \/>\n\t<meta property=\"og:image:width\" content=\"1200\" \/>\n\t<meta property=\"og:image:height\" content=\"675\" \/>\n\t<meta property=\"og:image:type\" content=\"image\/png\" \/>\n<meta name=\"author\" content=\"Webmaster Eramet\" \/>\n<meta name=\"twitter:card\" content=\"summary_large_image\" \/>\n<meta name=\"twitter:creator\" content=\"@GroupeEramet\" \/>\n<meta name=\"twitter:site\" content=\"@GroupeEramet\" \/>\n<meta name=\"twitter:label1\" content=\"\u00c9crit par\" \/>\n\t<meta name=\"twitter:data1\" content=\"Webmaster Eramet\" \/>\n\t<meta name=\"twitter:label2\" content=\"Dur\u00e9e de lecture estim\u00e9e\" \/>\n\t<meta name=\"twitter:data2\" content=\"1 minute\" \/>\n<script type=\"application\/ld+json\" class=\"yoast-schema-graph\">{\"@context\":\"https:\/\/schema.org\",\"@graph\":[{\"@type\":\"Article\",\"@id\":\"https:\/\/www.eramet.com\/fr\/news\/declaration-relative-a-lincendie-survenu-sur-lunite-dextraction-du-site-deramet-grande-cote-au-senegal\/#article\",\"isPartOf\":{\"@id\":\"https:\/\/www.eramet.com\/fr\/news\/declaration-relative-a-lincendie-survenu-sur-lunite-dextraction-du-site-deramet-grande-cote-au-senegal\/\"},\"author\":{\"name\":\"Webmaster Eramet\",\"@id\":\"https:\/\/www.eramet.com\/fr\/#\/schema\/person\/83a0ed8eea67db99b6bcbc811f35ba32\"},\"headline\":\"D\u00e9claration relative \u00e0 l\u2019incendie survenu sur l\u2019unit\u00e9 d\u2019extraction du site d\u2019Eramet Grande C\u00f4te au S\u00e9n\u00e9gal\",\"datePublished\":\"2026-02-23T07:45:23+00:00\",\"dateModified\":\"2026-02-26T10:28:20+00:00\",\"mainEntityOfPage\":{\"@id\":\"https:\/\/www.eramet.com\/fr\/news\/declaration-relative-a-lincendie-survenu-sur-lunite-dextraction-du-site-deramet-grande-cote-au-senegal\/\"},\"wordCount\":728,\"publisher\":{\"@id\":\"https:\/\/www.eramet.com\/fr\/#organization\"},\"keywords\":[\"Eramet Grande C\u00f4te\",\"S\u00e9n\u00e9gal\"],\"articleSection\":[\"Finance\",\"Groupe\"],\"inLanguage\":\"fr-FR\"},{\"@type\":\"WebPage\",\"@id\":\"https:\/\/www.eramet.com\/fr\/news\/declaration-relative-a-lincendie-survenu-sur-lunite-dextraction-du-site-deramet-grande-cote-au-senegal\/\",\"url\":\"https:\/\/www.eramet.com\/fr\/news\/declaration-relative-a-lincendie-survenu-sur-lunite-dextraction-du-site-deramet-grande-cote-au-senegal\/\",\"name\":\"D\u00e9claration relative \u00e0 l\u2019incendie survenu sur l\u2019unit\u00e9 d\u2019extraction du site d\u2019Eramet Grande C\u00f4te au S\u00e9n\u00e9gal - 23 f\u00e9vrier 2026 - News - Eramet\",\"isPartOf\":{\"@id\":\"https:\/\/www.eramet.com\/fr\/#website\"},\"datePublished\":\"2026-02-23T07:45:23+00:00\",\"dateModified\":\"2026-02-26T10:28:20+00:00\",\"breadcrumb\":{\"@id\":\"https:\/\/www.eramet.com\/fr\/news\/declaration-relative-a-lincendie-survenu-sur-lunite-dextraction-du-site-deramet-grande-cote-au-senegal\/#breadcrumb\"},\"inLanguage\":\"fr-FR\",\"potentialAction\":[{\"@type\":\"ReadAction\",\"target\":[\"https:\/\/www.eramet.com\/fr\/news\/declaration-relative-a-lincendie-survenu-sur-lunite-dextraction-du-site-deramet-grande-cote-au-senegal\/\"]}]},{\"@type\":\"BreadcrumbList\",\"@id\":\"https:\/\/www.eramet.com\/fr\/news\/declaration-relative-a-lincendie-survenu-sur-lunite-dextraction-du-site-deramet-grande-cote-au-senegal\/#breadcrumb\",\"itemListElement\":[{\"@type\":\"ListItem\",\"position\":1,\"name\":\"Eramet\",\"item\":\"https:\/\/www.eramet.com\/fr\/\"},{\"@type\":\"ListItem\",\"position\":2,\"name\":\"D\u00e9claration relative \u00e0 l\u2019incendie survenu sur l\u2019unit\u00e9 d\u2019extraction du site d\u2019Eramet Grande C\u00f4te au S\u00e9n\u00e9gal\"}]},{\"@type\":\"WebSite\",\"@id\":\"https:\/\/www.eramet.com\/fr\/#website\",\"url\":\"https:\/\/www.eramet.com\/fr\/\",\"name\":\"Eramet\",\"description\":\"Committed to sustainable metals\",\"publisher\":{\"@id\":\"https:\/\/www.eramet.com\/fr\/#organization\"},\"potentialAction\":[{\"@type\":\"SearchAction\",\"target\":{\"@type\":\"EntryPoint\",\"urlTemplate\":\"https:\/\/www.eramet.com\/fr\/?s={search_term_string}\"},\"query-input\":{\"@type\":\"PropertyValueSpecification\",\"valueRequired\":true,\"valueName\":\"search_term_string\"}}],\"inLanguage\":\"fr-FR\"},{\"@type\":\"Organization\",\"@id\":\"https:\/\/www.eramet.com\/fr\/#organization\",\"name\":\"Eramet\",\"url\":\"https:\/\/www.eramet.com\/fr\/\",\"logo\":{\"@type\":\"ImageObject\",\"inLanguage\":\"fr-FR\",\"@id\":\"https:\/\/www.eramet.com\/fr\/#\/schema\/logo\/image\/\",\"url\":\"https:\/\/www.eramet.com\/wp-content\/uploads\/2023\/07\/Eramet-logo.png\",\"contentUrl\":\"https:\/\/www.eramet.com\/wp-content\/uploads\/2023\/07\/Eramet-logo.png\",\"width\":800,\"height\":316,\"caption\":\"Eramet\"},\"image\":{\"@id\":\"https:\/\/www.eramet.com\/fr\/#\/schema\/logo\/image\/\"},\"sameAs\":[\"https:\/\/www.facebook.com\/Erametgroupe\/\",\"https:\/\/x.com\/GroupeEramet\",\"https:\/\/www.linkedin.com\/company\/163668\",\"https:\/\/www.youtube.com\/channel\/UClYCNuDEwBjXD-njglf9UaQ\"]},{\"@type\":\"Person\",\"@id\":\"https:\/\/www.eramet.com\/fr\/#\/schema\/person\/83a0ed8eea67db99b6bcbc811f35ba32\",\"name\":\"Webmaster Eramet\"}]}<\/script>\n<!-- \/ Yoast SEO plugin. -->","yoast_head_json":{"title":"D\u00e9claration relative \u00e0 l\u2019incendie survenu sur l\u2019unit\u00e9 d\u2019extraction du site d\u2019Eramet Grande C\u00f4te au S\u00e9n\u00e9gal - 23 f\u00e9vrier 2026 - News - Eramet","robots":{"index":"index","follow":"follow","max-snippet":"max-snippet:-1","max-image-preview":"max-image-preview:large","max-video-preview":"max-video-preview:-1"},"canonical":"https:\/\/www.eramet.com\/fr\/news\/declaration-relative-a-lincendie-survenu-sur-lunite-dextraction-du-site-deramet-grande-cote-au-senegal\/","og_locale":"fr_FR","og_type":"article","og_title":"D\u00e9claration relative \u00e0 l\u2019incendie survenu sur l\u2019unit\u00e9 d\u2019extraction du site d\u2019Eramet Grande C\u00f4te au S\u00e9n\u00e9gal - 23 f\u00e9vrier 2026 - News - Eramet","og_url":"https:\/\/www.eramet.com\/fr\/news\/declaration-relative-a-lincendie-survenu-sur-lunite-dextraction-du-site-deramet-grande-cote-au-senegal\/","og_site_name":"Eramet","article_publisher":"https:\/\/www.facebook.com\/Erametgroupe\/","article_published_time":"2026-02-23T07:45:23+00:00","article_modified_time":"2026-02-26T10:28:20+00:00","og_image":[{"width":1200,"height":675,"url":"https:\/\/www.eramet.com\/wp-content\/uploads\/2023\/12\/site-image.png","type":"image\/png"}],"author":"Webmaster Eramet","twitter_card":"summary_large_image","twitter_creator":"@GroupeEramet","twitter_site":"@GroupeEramet","twitter_misc":{"\u00c9crit par":"Webmaster Eramet","Dur\u00e9e de lecture estim\u00e9e":"1 minute"},"schema":{"@context":"https:\/\/schema.org","@graph":[{"@type":"Article","@id":"https:\/\/www.eramet.com\/fr\/news\/declaration-relative-a-lincendie-survenu-sur-lunite-dextraction-du-site-deramet-grande-cote-au-senegal\/#article","isPartOf":{"@id":"https:\/\/www.eramet.com\/fr\/news\/declaration-relative-a-lincendie-survenu-sur-lunite-dextraction-du-site-deramet-grande-cote-au-senegal\/"},"author":{"name":"Webmaster Eramet","@id":"https:\/\/www.eramet.com\/fr\/#\/schema\/person\/83a0ed8eea67db99b6bcbc811f35ba32"},"headline":"D\u00e9claration relative \u00e0 l\u2019incendie survenu sur l\u2019unit\u00e9 d\u2019extraction du site d\u2019Eramet Grande C\u00f4te au S\u00e9n\u00e9gal","datePublished":"2026-02-23T07:45:23+00:00","dateModified":"2026-02-26T10:28:20+00:00","mainEntityOfPage":{"@id":"https:\/\/www.eramet.com\/fr\/news\/declaration-relative-a-lincendie-survenu-sur-lunite-dextraction-du-site-deramet-grande-cote-au-senegal\/"},"wordCount":728,"publisher":{"@id":"https:\/\/www.eramet.com\/fr\/#organization"},"keywords":["Eramet Grande C\u00f4te","S\u00e9n\u00e9gal"],"articleSection":["Finance","Groupe"],"inLanguage":"fr-FR"},{"@type":"WebPage","@id":"https:\/\/www.eramet.com\/fr\/news\/declaration-relative-a-lincendie-survenu-sur-lunite-dextraction-du-site-deramet-grande-cote-au-senegal\/","url":"https:\/\/www.eramet.com\/fr\/news\/declaration-relative-a-lincendie-survenu-sur-lunite-dextraction-du-site-deramet-grande-cote-au-senegal\/","name":"D\u00e9claration relative \u00e0 l\u2019incendie survenu sur l\u2019unit\u00e9 d\u2019extraction du site d\u2019Eramet Grande C\u00f4te au S\u00e9n\u00e9gal - 23 f\u00e9vrier 2026 - News - Eramet","isPartOf":{"@id":"https:\/\/www.eramet.com\/fr\/#website"},"datePublished":"2026-02-23T07:45:23+00:00","dateModified":"2026-02-26T10:28:20+00:00","breadcrumb":{"@id":"https:\/\/www.eramet.com\/fr\/news\/declaration-relative-a-lincendie-survenu-sur-lunite-dextraction-du-site-deramet-grande-cote-au-senegal\/#breadcrumb"},"inLanguage":"fr-FR","potentialAction":[{"@type":"ReadAction","target":["https:\/\/www.eramet.com\/fr\/news\/declaration-relative-a-lincendie-survenu-sur-lunite-dextraction-du-site-deramet-grande-cote-au-senegal\/"]}]},{"@type":"BreadcrumbList","@id":"https:\/\/www.eramet.com\/fr\/news\/declaration-relative-a-lincendie-survenu-sur-lunite-dextraction-du-site-deramet-grande-cote-au-senegal\/#breadcrumb","itemListElement":[{"@type":"ListItem","position":1,"name":"Eramet","item":"https:\/\/www.eramet.com\/fr\/"},{"@type":"ListItem","position":2,"name":"D\u00e9claration relative \u00e0 l\u2019incendie survenu sur l\u2019unit\u00e9 d\u2019extraction du site d\u2019Eramet Grande C\u00f4te au S\u00e9n\u00e9gal"}]},{"@type":"WebSite","@id":"https:\/\/www.eramet.com\/fr\/#website","url":"https:\/\/www.eramet.com\/fr\/","name":"Eramet","description":"Committed to sustainable metals","publisher":{"@id":"https:\/\/www.eramet.com\/fr\/#organization"},"potentialAction":[{"@type":"SearchAction","target":{"@type":"EntryPoint","urlTemplate":"https:\/\/www.eramet.com\/fr\/?s={search_term_string}"},"query-input":{"@type":"PropertyValueSpecification","valueRequired":true,"valueName":"search_term_string"}}],"inLanguage":"fr-FR"},{"@type":"Organization","@id":"https:\/\/www.eramet.com\/fr\/#organization","name":"Eramet","url":"https:\/\/www.eramet.com\/fr\/","logo":{"@type":"ImageObject","inLanguage":"fr-FR","@id":"https:\/\/www.eramet.com\/fr\/#\/schema\/logo\/image\/","url":"https:\/\/www.eramet.com\/wp-content\/uploads\/2023\/07\/Eramet-logo.png","contentUrl":"https:\/\/www.eramet.com\/wp-content\/uploads\/2023\/07\/Eramet-logo.png","width":800,"height":316,"caption":"Eramet"},"image":{"@id":"https:\/\/www.eramet.com\/fr\/#\/schema\/logo\/image\/"},"sameAs":["https:\/\/www.facebook.com\/Erametgroupe\/","https:\/\/x.com\/GroupeEramet","https:\/\/www.linkedin.com\/company\/163668","https:\/\/www.youtube.com\/channel\/UClYCNuDEwBjXD-njglf9UaQ"]},{"@type":"Person","@id":"https:\/\/www.eramet.com\/fr\/#\/schema\/person\/83a0ed8eea67db99b6bcbc811f35ba32","name":"Webmaster Eramet"}]}},"_links":{"self":[{"href":"https:\/\/www.eramet.com\/fr\/wp-json\/wp\/v2\/posts\/56696","targetHints":{"allow":["GET"]}}],"collection":[{"href":"https:\/\/www.eramet.com\/fr\/wp-json\/wp\/v2\/posts"}],"about":[{"href":"https:\/\/www.eramet.com\/fr\/wp-json\/wp\/v2\/types\/post"}],"author":[{"embeddable":true,"href":"https:\/\/www.eramet.com\/fr\/wp-json\/wp\/v2\/users\/3"}],"replies":[{"embeddable":true,"href":"https:\/\/www.eramet.com\/fr\/wp-json\/wp\/v2\/comments?post=56696"}],"version-history":[{"count":4,"href":"https:\/\/www.eramet.com\/fr\/wp-json\/wp\/v2\/posts\/56696\/revisions"}],"predecessor-version":[{"id":56740,"href":"https:\/\/www.eramet.com\/fr\/wp-json\/wp\/v2\/posts\/56696\/revisions\/56740"}],"wp:attachment":[{"href":"https:\/\/www.eramet.com\/fr\/wp-json\/wp\/v2\/media?parent=56696"}],"wp:term":[{"taxonomy":"category","embeddable":true,"href":"https:\/\/www.eramet.com\/fr\/wp-json\/wp\/v2\/categories?post=56696"},{"taxonomy":"post_tag","embeddable":true,"href":"https:\/\/www.eramet.com\/fr\/wp-json\/wp\/v2\/tags?post=56696"}],"curies":[{"name":"wp","href":"https:\/\/api.w.org\/{rel}","templated":true}]}}