{"id":51500,"date":"2025-02-05T14:00:48","date_gmt":"2025-02-05T13:00:48","guid":{"rendered":"https:\/\/www.eramet.com\/?p=51500"},"modified":"2025-02-06T16:12:10","modified_gmt":"2025-02-06T15:12:10","slug":"moderniser-le-chemin-de-fer-gabonais-le-grand-engagement-de-la-setrag","status":"publish","type":"post","link":"https:\/\/www.eramet.com\/fr\/news\/moderniser-le-chemin-de-fer-gabonais-le-grand-engagement-de-la-setrag\/","title":{"rendered":"Moderniser le chemin de fer gabonais : le grand engagement de la Setrag"},"content":{"rendered":"<p><div class=\"fusion-fullwidth fullwidth-box fusion-builder-row-1 fusion-flex-container nonhundred-percent-fullwidth non-hundred-percent-height-scrolling\" style=\"--awb-border-radius-top-left:0px;--awb-border-radius-top-right:0px;--awb-border-radius-bottom-right:0px;--awb-border-radius-bottom-left:0px;--awb-flex-wrap:wrap;\" ><div class=\"fusion-builder-row fusion-row fusion-flex-align-items-flex-start fusion-flex-justify-content-center fusion-flex-content-wrap\" style=\"max-width:1468.8px;margin-left: calc(-2% \/ 2 );margin-right: calc(-2% \/ 2 );\"><div class=\"fusion-layout-column fusion_builder_column fusion-builder-column-0 fusion_builder_column_2_3 2_3 fusion-flex-column\" style=\"--awb-bg-blend:overlay;--awb-bg-size:cover;--awb-width-large:66.666666666667%;--awb-margin-top-large:0px;--awb-spacing-right-large:1.47%;--awb-margin-bottom-large:20px;--awb-spacing-left-large:1.47%;--awb-width-medium:66.666666666667%;--awb-spacing-right-medium:1.47%;--awb-spacing-left-medium:1.47%;--awb-width-small:100%;--awb-spacing-right-small:0.98%;--awb-spacing-left-small:0.98%;\"><div class=\"fusion-column-wrapper fusion-flex-justify-content-flex-start fusion-content-layout-column\"><div class=\"fusion-text fusion-text-1\"><p>Au Gabon, la Setrag, filiale de <a href=\"https:\/\/www.eramet.com\/fr\/activites\/manganese\/\" target=\"_blank\" rel=\"noopener\">Comilog<\/a>, g\u00e8re sur mandat des autorit\u00e9s l\u2019unique r\u00e9seau ferr\u00e9 du pays, traversant le territoire d\u2019est en ouest. V\u00e9ritable colonne vert\u00e9brale du d\u00e9veloppement \u00e9conomique national, le Transgabonais dessert 24 gares en transportant des voyageurs, des marchandises, du bois et des minerais, dont le minerai concentr\u00e9 et les produits m\u00e9tallurgiques de Comilog.<\/p>\n<p>Pour assurer ce transport en toute s\u00e9curit\u00e9, la Setrag d\u00e9ploie depuis pr\u00e8s de 10 ans un vaste plan de r\u00e9novation de la voie ferr\u00e9e, sous l\u2019impulsion de l\u2019Etat gabonais propri\u00e9taire de l\u2019infrastructure ferroviaire.<\/p>\n<p>Une ambition reconnue et soutenue depuis l\u2019Europe : l\u2019Agence Fran\u00e7aise de D\u00e9veloppement (AFD) a r\u00e9cemment contribu\u00e9 au programme \u00e0 hauteur de 173 millions d\u2019euros, tandis que l\u2019Union Europ\u00e9enne a r\u00e9alis\u00e9 un don de 30 millions d\u2019euros dans le cadre de sa strat\u00e9gie Global Gateway.<\/p>\n<p>Ce budget permettra de r\u00e9aliser le Programme de Modernisation et de S\u00e9curisation de la voie ferr\u00e9e (PMS) entre 2025 et 2028, avec pour objectif de l\u2019Etat gabonais de transporter 21 millions de tonnes de fret par an d\u00e8s 2029, contre environ 9 millions actuellement et d\u2019augmenter le nombre de voyageurs sur l\u2019unique voie, en toute s\u00e9curit\u00e9.<\/p>\n<p>Les travaux du PMS pr\u00e9voient le remplacement de 270 km de rails\u00a0; l\u2019ach\u00e8vement du remplacement des traverses en bois par des traverses en b\u00e9ton\u00a0; la construction de 40 km de voies de d\u00e9viation pour s\u00e9curiser les zones instables\u00a0; l\u2019installation de dispositifs de s\u00e9curit\u00e9 tels que des passages \u00e0 niveau, cl\u00f4tures, passerelles, et signalisation lumineuse\u00a0; l\u2019acquisition de nouvelles rames voyageurs et la r\u00e9novation des gares d\u2019Owendo et Franceville.<\/p>\n<\/div><\/div><\/div><\/div><\/div><div class=\"fusion-fullwidth fullwidth-box fusion-builder-row-2 fusion-flex-container has-pattern-background has-mask-background nonhundred-percent-fullwidth non-hundred-percent-height-scrolling\" style=\"--awb-border-radius-top-left:0px;--awb-border-radius-top-right:0px;--awb-border-radius-bottom-right:0px;--awb-border-radius-bottom-left:0px;--awb-padding-bottom:40px;--awb-flex-wrap:wrap;\" ><div class=\"fusion-builder-row fusion-row fusion-flex-align-items-stretch fusion-flex-justify-content-center fusion-flex-content-wrap\" style=\"max-width:1468.8px;margin-left: calc(-2% \/ 2 );margin-right: calc(-2% \/ 2 );\"><div class=\"fusion-layout-column fusion_builder_column fusion-builder-column-1 fusion_builder_column_1_4 1_4 fusion-flex-column KeyFigure\" style=\"--awb-padding-top:20px;--awb-padding-right:20px;--awb-padding-bottom:20px;--awb-padding-left:20px;--awb-overflow:hidden;--awb-bg-color:var(--awb-color1);--awb-bg-color-hover:var(--awb-color1);--awb-bg-size:cover;--awb-border-radius:10px 10px 10px 10px;--awb-width-large:25%;--awb-margin-top-large:0px;--awb-spacing-right-large:3.92%;--awb-margin-bottom-large:20px;--awb-spacing-left-large:3.92%;--awb-width-medium:40%;--awb-order-medium:0;--awb-spacing-right-medium:2.45%;--awb-spacing-left-medium:2.45%;--awb-width-small:75%;--awb-order-small:0;--awb-spacing-right-small:1.3066666666667%;--awb-spacing-left-small:1.3066666666667%;\"><div class=\"fusion-column-wrapper fusion-column-has-shadow fusion-flex-justify-content-flex-start fusion-content-layout-column\"><i class=\"fb-icon-element-1 fb-icon-element fontawesome-icon fa-subway fal circle-no\" style=\"--awb-iconcolor:var(--awb-custom_color_3);--awb-iconcolor-hover:var(--awb-custom_color_3);--awb-font-size:50px;--awb-margin-top:0;--awb-margin-right:0;--awb-margin-bottom:0;--awb-margin-left:0;--awb-align-self:center;\"><\/i><div class=\"fusion-text fusion-text-2 fusion-text-no-margin\" style=\"--awb-content-alignment:center;--awb-text-color:var(--awb-custom_color_3);--awb-margin-bottom:0px;\"><p><strong>648 km<\/strong><br \/>\nde voies<\/p>\n<\/div><\/div><\/div><div class=\"fusion-layout-column fusion_builder_column fusion-builder-column-2 fusion_builder_column_1_4 1_4 fusion-flex-column KeyFigure\" style=\"--awb-padding-top:20px;--awb-padding-right:20px;--awb-padding-bottom:20px;--awb-padding-left:20px;--awb-overflow:hidden;--awb-bg-color:var(--awb-custom_color_6);--awb-bg-color-hover:var(--awb-custom_color_6);--awb-bg-size:cover;--awb-border-radius:10px 10px 10px 10px;--awb-width-large:25%;--awb-margin-top-large:0px;--awb-spacing-right-large:3.92%;--awb-margin-bottom-large:20px;--awb-spacing-left-large:3.92%;--awb-width-medium:40%;--awb-order-medium:0;--awb-spacing-right-medium:2.45%;--awb-spacing-left-medium:2.45%;--awb-width-small:75%;--awb-order-small:0;--awb-spacing-right-small:1.3066666666667%;--awb-spacing-left-small:1.3066666666667%;\"><div class=\"fusion-column-wrapper fusion-column-has-shadow fusion-flex-justify-content-flex-start fusion-content-layout-column\"><i class=\"fb-icon-element-2 fb-icon-element fontawesome-icon fa-users fal circle-no\" style=\"--awb-font-size:50px;--awb-margin-top:0;--awb-margin-right:0;--awb-margin-bottom:0;--awb-margin-left:0;--awb-align-self:center;\"><\/i><div class=\"fusion-text fusion-text-3 fusion-text-no-margin\" style=\"--awb-content-alignment:center;--awb-text-color:var(--awb-color1);--awb-margin-bottom:0px;\"><p><strong>300 000<\/strong><br \/>\npassagers transport\u00e9s<br \/>\nchaque ann\u00e9e<\/p>\n<\/div><\/div><\/div><div class=\"fusion-layout-column fusion_builder_column fusion-builder-column-3 fusion_builder_column_1_4 1_4 fusion-flex-column KeyFigure\" style=\"--awb-padding-top:20px;--awb-padding-right:20px;--awb-padding-bottom:20px;--awb-padding-left:20px;--awb-overflow:hidden;--awb-bg-color:var(--awb-custom_color_6);--awb-bg-color-hover:var(--awb-custom_color_6);--awb-bg-size:cover;--awb-border-radius:10px 10px 10px 10px;--awb-width-large:25%;--awb-margin-top-large:0px;--awb-spacing-right-large:3.92%;--awb-margin-bottom-large:20px;--awb-spacing-left-large:3.92%;--awb-width-medium:40%;--awb-order-medium:0;--awb-spacing-right-medium:2.45%;--awb-spacing-left-medium:2.45%;--awb-width-small:75%;--awb-order-small:0;--awb-spacing-right-small:1.3066666666667%;--awb-spacing-left-small:1.3066666666667%;\"><div class=\"fusion-column-wrapper fusion-column-has-shadow fusion-flex-justify-content-flex-start fusion-content-layout-column\"><i class=\"fb-icon-element-3 fb-icon-element fontawesome-icon fa-truck-loading fal circle-no\" style=\"--awb-font-size:50px;--awb-margin-top:0;--awb-margin-right:0;--awb-margin-bottom:0;--awb-margin-left:0;--awb-align-self:center;\"><\/i><div class=\"fusion-text fusion-text-4 fusion-text-no-margin\" style=\"--awb-content-alignment:center;--awb-text-color:var(--awb-color1);--awb-margin-top:10px;--awb-margin-bottom:0px;\"><p>Objectif\u00a0:<br \/>\n<strong>21M<\/strong><br \/>\nde tonnes de fret<br \/>\npar an en 2029<br \/>\n(vs 9M actuellement)<\/p>\n<\/div><\/div><\/div><\/div><\/div><div class=\"fusion-fullwidth fullwidth-box fusion-builder-row-3 fusion-flex-container has-pattern-background has-mask-background nonhundred-percent-fullwidth non-hundred-percent-height-scrolling\" style=\"--awb-border-radius-top-left:0px;--awb-border-radius-top-right:0px;--awb-border-radius-bottom-right:0px;--awb-border-radius-bottom-left:0px;--awb-padding-bottom:40px;--awb-flex-wrap:wrap;\" ><div class=\"fusion-builder-row fusion-row fusion-flex-align-items-stretch fusion-flex-justify-content-center fusion-flex-content-wrap\" style=\"max-width:1468.8px;margin-left: calc(-2% \/ 2 );margin-right: calc(-2% \/ 2 );\"><div class=\"fusion-layout-column fusion_builder_column fusion-builder-column-4 fusion_builder_column_2_3 2_3 fusion-flex-column\" style=\"--awb-bg-blend:overlay;--awb-bg-size:cover;--awb-width-large:66.666666666667%;--awb-margin-top-large:0px;--awb-spacing-right-large:1.47%;--awb-margin-bottom-large:20px;--awb-spacing-left-large:1.47%;--awb-width-medium:66.666666666667%;--awb-spacing-right-medium:1.47%;--awb-spacing-left-medium:1.47%;--awb-width-small:100%;--awb-spacing-right-small:0.98%;--awb-spacing-left-small:0.98%;\"><div class=\"fusion-column-wrapper fusion-flex-justify-content-flex-start fusion-content-layout-column\"><div class=\"fusion-image-element \" style=\"text-align:center;--awb-caption-title-font-family:var(--h2_typography-font-family);--awb-caption-title-font-weight:var(--h2_typography-font-weight);--awb-caption-title-font-style:var(--h2_typography-font-style);--awb-caption-title-size:var(--h2_typography-font-size);--awb-caption-title-transform:var(--h2_typography-text-transform);--awb-caption-title-line-height:var(--h2_typography-line-height);--awb-caption-title-letter-spacing:var(--h2_typography-letter-spacing);\"><span class=\" fusion-imageframe imageframe-none imageframe-1 hover-type-none\"><img decoding=\"async\" width=\"1080\" height=\"608\" alt=\"2025-02-05 Moderniser le chemin de fer gabonais : le grand engagement de la Setrag\" title=\"2025-02-05-Eramet-Moderniser-le-chemin-de-fer-gabonais&#8212;le-grand-engagement-de-la-Setrag-2\" src=\"https:\/\/www.eramet.com\/wp-content\/uploads\/2025\/02\/2025-02-05-Eramet-Moderniser-le-chemin-de-fer-gabonais-le-grand-engagement-de-la-Setrag-2.jpg\" data-orig-src=\"https:\/\/www.eramet.com\/wp-content\/uploads\/2025\/02\/2025-02-05-Eramet-Moderniser-le-chemin-de-fer-gabonais-le-grand-engagement-de-la-Setrag-2.jpg\" class=\"lazyload img-responsive wp-image-51505\" srcset=\"data:image\/svg+xml,%3Csvg%20xmlns%3D%27http%3A%2F%2Fwww.w3.org%2F2000%2Fsvg%27%20width%3D%271080%27%20height%3D%27608%27%20viewBox%3D%270%200%201080%20608%27%3E%3Crect%20width%3D%271080%27%20height%3D%27608%27%20fill-opacity%3D%220%22%2F%3E%3C%2Fsvg%3E\" data-srcset=\"https:\/\/www.eramet.com\/wp-content\/uploads\/2025\/02\/2025-02-05-Eramet-Moderniser-le-chemin-de-fer-gabonais-le-grand-engagement-de-la-Setrag-2-200x113.jpg 200w, https:\/\/www.eramet.com\/wp-content\/uploads\/2025\/02\/2025-02-05-Eramet-Moderniser-le-chemin-de-fer-gabonais-le-grand-engagement-de-la-Setrag-2-400x225.jpg 400w, https:\/\/www.eramet.com\/wp-content\/uploads\/2025\/02\/2025-02-05-Eramet-Moderniser-le-chemin-de-fer-gabonais-le-grand-engagement-de-la-Setrag-2-600x338.jpg 600w, https:\/\/www.eramet.com\/wp-content\/uploads\/2025\/02\/2025-02-05-Eramet-Moderniser-le-chemin-de-fer-gabonais-le-grand-engagement-de-la-Setrag-2-800x450.jpg 800w, https:\/\/www.eramet.com\/wp-content\/uploads\/2025\/02\/2025-02-05-Eramet-Moderniser-le-chemin-de-fer-gabonais-le-grand-engagement-de-la-Setrag-2.jpg 1080w\" data-sizes=\"auto\" data-orig-sizes=\"(max-width: 640px) 100vw, 1080px\" \/><\/span><\/div><\/div><\/div><div class=\"fusion-layout-column fusion_builder_column fusion-builder-column-5 fusion_builder_column_5_6 5_6 fusion-flex-column\" style=\"--awb-bg-blend:overlay;--awb-bg-size:cover;--awb-width-large:83.333333333333%;--awb-margin-top-large:0px;--awb-spacing-right-large:1.176%;--awb-margin-bottom-large:20px;--awb-spacing-left-large:1.176%;--awb-width-medium:83.333333333333%;--awb-spacing-right-medium:1.176%;--awb-spacing-left-medium:1.176%;--awb-width-small:100%;--awb-spacing-right-small:0.98%;--awb-spacing-left-small:0.98%;\"><div class=\"fusion-column-wrapper fusion-flex-justify-content-flex-start fusion-content-layout-column\"><div class=\"fusion-image-element \" style=\"text-align:center;--awb-caption-title-font-family:var(--h2_typography-font-family);--awb-caption-title-font-weight:var(--h2_typography-font-weight);--awb-caption-title-font-style:var(--h2_typography-font-style);--awb-caption-title-size:var(--h2_typography-font-size);--awb-caption-title-transform:var(--h2_typography-text-transform);--awb-caption-title-line-height:var(--h2_typography-line-height);--awb-caption-title-letter-spacing:var(--h2_typography-letter-spacing);\"><span class=\" fusion-imageframe imageframe-none imageframe-2 hover-type-none\"><img decoding=\"async\" width=\"1920\" height=\"955\" alt=\"2025-02-05 Moderniser le chemin de fer gabonais : le grand engagement de la Setrag\" title=\"2025-02-05-Eramet-Moderniser-le-chemin-de-fer-gabonais&#8212;le-grand-engagement-de-la-Setrag-3\" src=\"https:\/\/www.eramet.com\/wp-content\/uploads\/2025\/02\/2025-02-05-Eramet-Moderniser-le-chemin-de-fer-gabonais-le-grand-engagement-de-la-Setrag-3.jpg\" data-orig-src=\"https:\/\/www.eramet.com\/wp-content\/uploads\/2025\/02\/2025-02-05-Eramet-Moderniser-le-chemin-de-fer-gabonais-le-grand-engagement-de-la-Setrag-3.jpg\" class=\"lazyload img-responsive wp-image-51508\" srcset=\"data:image\/svg+xml,%3Csvg%20xmlns%3D%27http%3A%2F%2Fwww.w3.org%2F2000%2Fsvg%27%20width%3D%271920%27%20height%3D%27955%27%20viewBox%3D%270%200%201920%20955%27%3E%3Crect%20width%3D%271920%27%20height%3D%27955%27%20fill-opacity%3D%220%22%2F%3E%3C%2Fsvg%3E\" data-srcset=\"https:\/\/www.eramet.com\/wp-content\/uploads\/2025\/02\/2025-02-05-Eramet-Moderniser-le-chemin-de-fer-gabonais-le-grand-engagement-de-la-Setrag-3-200x99.jpg 200w, https:\/\/www.eramet.com\/wp-content\/uploads\/2025\/02\/2025-02-05-Eramet-Moderniser-le-chemin-de-fer-gabonais-le-grand-engagement-de-la-Setrag-3-400x199.jpg 400w, https:\/\/www.eramet.com\/wp-content\/uploads\/2025\/02\/2025-02-05-Eramet-Moderniser-le-chemin-de-fer-gabonais-le-grand-engagement-de-la-Setrag-3-600x298.jpg 600w, https:\/\/www.eramet.com\/wp-content\/uploads\/2025\/02\/2025-02-05-Eramet-Moderniser-le-chemin-de-fer-gabonais-le-grand-engagement-de-la-Setrag-3-800x398.jpg 800w, https:\/\/www.eramet.com\/wp-content\/uploads\/2025\/02\/2025-02-05-Eramet-Moderniser-le-chemin-de-fer-gabonais-le-grand-engagement-de-la-Setrag-3-1200x597.jpg 1200w, https:\/\/www.eramet.com\/wp-content\/uploads\/2025\/02\/2025-02-05-Eramet-Moderniser-le-chemin-de-fer-gabonais-le-grand-engagement-de-la-Setrag-3.jpg 1920w\" data-sizes=\"auto\" data-orig-sizes=\"(max-width: 640px) 100vw, 1200px\" \/><\/span><\/div><\/div><\/div><\/div><\/div><\/p>\n","protected":false},"excerpt":{"rendered":"<p>La Soci\u00e9t\u00e9 d\u2019Exploitation du Transgabonais (SETRAG) a re\u00e7u une contribution de l\u2019Agence Fran\u00e7aise de D\u00e9veloppement et un don de l\u2019Union Europ\u00e9enne pour soutenir la mise en \u0153uvre de son vaste programme de modernisation et de s\u00e9curisation du chemin de fer gabonais.<\/p>\n","protected":false},"author":3,"featured_media":51502,"comment_status":"closed","ping_status":"closed","sticky":false,"template":"","format":"standard","meta":{"_acf_changed":false,"inline_featured_image":false,"footnotes":""},"categories":[34],"tags":[189],"class_list":["post-51500","post","type-post","status-publish","format-standard","has-post-thumbnail","hentry","category-rse","tag-setrag","nature-actualite"],"acf":[],"yoast_head":"<!-- This site is optimized with the Yoast SEO plugin v25.3.1 - https:\/\/yoast.com\/wordpress\/plugins\/seo\/ -->\n<title>Moderniser le chemin de fer gabonais : le grand engagement de la Setrag - 5 f\u00e9vrier 2025 - News - Eramet<\/title>\n<meta name=\"robots\" content=\"index, follow, max-snippet:-1, max-image-preview:large, max-video-preview:-1\" \/>\n<link rel=\"canonical\" href=\"https:\/\/www.eramet.com\/fr\/news\/moderniser-le-chemin-de-fer-gabonais-le-grand-engagement-de-la-setrag\/\" \/>\n<meta property=\"og:locale\" content=\"fr_FR\" \/>\n<meta property=\"og:type\" content=\"article\" \/>\n<meta property=\"og:title\" content=\"Moderniser le chemin de fer gabonais : le grand engagement de la Setrag - 5 f\u00e9vrier 2025 - News - Eramet\" \/>\n<meta property=\"og:description\" content=\"La Soci\u00e9t\u00e9 d\u2019Exploitation du Transgabonais (SETRAG) a re\u00e7u une contribution de l\u2019Agence Fran\u00e7aise de D\u00e9veloppement et un don de l\u2019Union Europ\u00e9enne pour soutenir la mise en \u0153uvre de son vaste programme de modernisation et de s\u00e9curisation du chemin de fer gabonais.\" \/>\n<meta property=\"og:url\" content=\"https:\/\/www.eramet.com\/fr\/news\/moderniser-le-chemin-de-fer-gabonais-le-grand-engagement-de-la-setrag\/\" \/>\n<meta property=\"og:site_name\" content=\"Eramet\" \/>\n<meta property=\"article:publisher\" content=\"https:\/\/www.facebook.com\/Erametgroupe\/\" \/>\n<meta property=\"article:published_time\" content=\"2025-02-05T13:00:48+00:00\" \/>\n<meta property=\"article:modified_time\" content=\"2025-02-06T15:12:10+00:00\" \/>\n<meta property=\"og:image\" content=\"https:\/\/www.eramet.com\/wp-content\/uploads\/2025\/02\/2025-02-05-Eramet-Moderniser-le-chemin-de-fer-gabonais-le-grand-engagement-de-la-Setrag.jpg\" \/>\n\t<meta property=\"og:image:width\" content=\"1920\" \/>\n\t<meta property=\"og:image:height\" content=\"1080\" \/>\n\t<meta property=\"og:image:type\" content=\"image\/jpeg\" \/>\n<meta name=\"author\" content=\"Webmaster Eramet\" \/>\n<meta name=\"twitter:card\" content=\"summary_large_image\" \/>\n<meta name=\"twitter:creator\" content=\"@GroupeEramet\" \/>\n<meta name=\"twitter:site\" content=\"@GroupeEramet\" \/>\n<meta name=\"twitter:label1\" content=\"\u00c9crit par\" \/>\n\t<meta name=\"twitter:data1\" content=\"Webmaster Eramet\" \/>\n\t<meta name=\"twitter:label2\" content=\"Dur\u00e9e de lecture estim\u00e9e\" \/>\n\t<meta name=\"twitter:data2\" content=\"3 minutes\" \/>\n<script type=\"application\/ld+json\" class=\"yoast-schema-graph\">{\"@context\":\"https:\/\/schema.org\",\"@graph\":[{\"@type\":\"Article\",\"@id\":\"https:\/\/www.eramet.com\/fr\/news\/moderniser-le-chemin-de-fer-gabonais-le-grand-engagement-de-la-setrag\/#article\",\"isPartOf\":{\"@id\":\"https:\/\/www.eramet.com\/fr\/news\/moderniser-le-chemin-de-fer-gabonais-le-grand-engagement-de-la-setrag\/\"},\"author\":{\"name\":\"Webmaster Eramet\",\"@id\":\"https:\/\/www.eramet.com\/fr\/#\/schema\/person\/83a0ed8eea67db99b6bcbc811f35ba32\"},\"headline\":\"Moderniser le chemin de fer gabonais : le grand engagement de la Setrag\",\"datePublished\":\"2025-02-05T13:00:48+00:00\",\"dateModified\":\"2025-02-06T15:12:10+00:00\",\"mainEntityOfPage\":{\"@id\":\"https:\/\/www.eramet.com\/fr\/news\/moderniser-le-chemin-de-fer-gabonais-le-grand-engagement-de-la-setrag\/\"},\"wordCount\":2282,\"publisher\":{\"@id\":\"https:\/\/www.eramet.com\/fr\/#organization\"},\"image\":{\"@id\":\"https:\/\/www.eramet.com\/fr\/news\/moderniser-le-chemin-de-fer-gabonais-le-grand-engagement-de-la-setrag\/#primaryimage\"},\"thumbnailUrl\":\"https:\/\/www.eramet.com\/wp-content\/uploads\/2025\/02\/2025-02-05-Eramet-Moderniser-le-chemin-de-fer-gabonais-le-grand-engagement-de-la-Setrag.jpg\",\"keywords\":[\"Setrag\"],\"articleSection\":[\"RSE\"],\"inLanguage\":\"fr-FR\"},{\"@type\":\"WebPage\",\"@id\":\"https:\/\/www.eramet.com\/fr\/news\/moderniser-le-chemin-de-fer-gabonais-le-grand-engagement-de-la-setrag\/\",\"url\":\"https:\/\/www.eramet.com\/fr\/news\/moderniser-le-chemin-de-fer-gabonais-le-grand-engagement-de-la-setrag\/\",\"name\":\"Moderniser le chemin de fer gabonais : le grand engagement de la Setrag - 5 f\u00e9vrier 2025 - News - Eramet\",\"isPartOf\":{\"@id\":\"https:\/\/www.eramet.com\/fr\/#website\"},\"primaryImageOfPage\":{\"@id\":\"https:\/\/www.eramet.com\/fr\/news\/moderniser-le-chemin-de-fer-gabonais-le-grand-engagement-de-la-setrag\/#primaryimage\"},\"image\":{\"@id\":\"https:\/\/www.eramet.com\/fr\/news\/moderniser-le-chemin-de-fer-gabonais-le-grand-engagement-de-la-setrag\/#primaryimage\"},\"thumbnailUrl\":\"https:\/\/www.eramet.com\/wp-content\/uploads\/2025\/02\/2025-02-05-Eramet-Moderniser-le-chemin-de-fer-gabonais-le-grand-engagement-de-la-Setrag.jpg\",\"datePublished\":\"2025-02-05T13:00:48+00:00\",\"dateModified\":\"2025-02-06T15:12:10+00:00\",\"breadcrumb\":{\"@id\":\"https:\/\/www.eramet.com\/fr\/news\/moderniser-le-chemin-de-fer-gabonais-le-grand-engagement-de-la-setrag\/#breadcrumb\"},\"inLanguage\":\"fr-FR\",\"potentialAction\":[{\"@type\":\"ReadAction\",\"target\":[\"https:\/\/www.eramet.com\/fr\/news\/moderniser-le-chemin-de-fer-gabonais-le-grand-engagement-de-la-setrag\/\"]}]},{\"@type\":\"ImageObject\",\"inLanguage\":\"fr-FR\",\"@id\":\"https:\/\/www.eramet.com\/fr\/news\/moderniser-le-chemin-de-fer-gabonais-le-grand-engagement-de-la-setrag\/#primaryimage\",\"url\":\"https:\/\/www.eramet.com\/wp-content\/uploads\/2025\/02\/2025-02-05-Eramet-Moderniser-le-chemin-de-fer-gabonais-le-grand-engagement-de-la-Setrag.jpg\",\"contentUrl\":\"https:\/\/www.eramet.com\/wp-content\/uploads\/2025\/02\/2025-02-05-Eramet-Moderniser-le-chemin-de-fer-gabonais-le-grand-engagement-de-la-Setrag.jpg\",\"width\":1920,\"height\":1080,\"caption\":\"2025-02-05 Moderniser le chemin de fer gabonais : le grand engagement de la Setrag\"},{\"@type\":\"BreadcrumbList\",\"@id\":\"https:\/\/www.eramet.com\/fr\/news\/moderniser-le-chemin-de-fer-gabonais-le-grand-engagement-de-la-setrag\/#breadcrumb\",\"itemListElement\":[{\"@type\":\"ListItem\",\"position\":1,\"name\":\"Eramet\",\"item\":\"https:\/\/www.eramet.com\/fr\/\"},{\"@type\":\"ListItem\",\"position\":2,\"name\":\"Moderniser le chemin de fer gabonais : le grand engagement de la Setrag\"}]},{\"@type\":\"WebSite\",\"@id\":\"https:\/\/www.eramet.com\/fr\/#website\",\"url\":\"https:\/\/www.eramet.com\/fr\/\",\"name\":\"Eramet\",\"description\":\"Committed to sustainable metals\",\"publisher\":{\"@id\":\"https:\/\/www.eramet.com\/fr\/#organization\"},\"potentialAction\":[{\"@type\":\"SearchAction\",\"target\":{\"@type\":\"EntryPoint\",\"urlTemplate\":\"https:\/\/www.eramet.com\/fr\/?s={search_term_string}\"},\"query-input\":{\"@type\":\"PropertyValueSpecification\",\"valueRequired\":true,\"valueName\":\"search_term_string\"}}],\"inLanguage\":\"fr-FR\"},{\"@type\":\"Organization\",\"@id\":\"https:\/\/www.eramet.com\/fr\/#organization\",\"name\":\"Eramet\",\"url\":\"https:\/\/www.eramet.com\/fr\/\",\"logo\":{\"@type\":\"ImageObject\",\"inLanguage\":\"fr-FR\",\"@id\":\"https:\/\/www.eramet.com\/fr\/#\/schema\/logo\/image\/\",\"url\":\"https:\/\/www.eramet.com\/wp-content\/uploads\/2023\/07\/Eramet-logo.png\",\"contentUrl\":\"https:\/\/www.eramet.com\/wp-content\/uploads\/2023\/07\/Eramet-logo.png\",\"width\":800,\"height\":316,\"caption\":\"Eramet\"},\"image\":{\"@id\":\"https:\/\/www.eramet.com\/fr\/#\/schema\/logo\/image\/\"},\"sameAs\":[\"https:\/\/www.facebook.com\/Erametgroupe\/\",\"https:\/\/x.com\/GroupeEramet\",\"https:\/\/www.linkedin.com\/company\/163668\",\"https:\/\/www.youtube.com\/channel\/UClYCNuDEwBjXD-njglf9UaQ\"]},{\"@type\":\"Person\",\"@id\":\"https:\/\/www.eramet.com\/fr\/#\/schema\/person\/83a0ed8eea67db99b6bcbc811f35ba32\",\"name\":\"Webmaster Eramet\"}]}<\/script>\n<!-- \/ Yoast SEO plugin. -->","yoast_head_json":{"title":"Moderniser le chemin de fer gabonais : le grand engagement de la Setrag - 5 f\u00e9vrier 2025 - News - Eramet","robots":{"index":"index","follow":"follow","max-snippet":"max-snippet:-1","max-image-preview":"max-image-preview:large","max-video-preview":"max-video-preview:-1"},"canonical":"https:\/\/www.eramet.com\/fr\/news\/moderniser-le-chemin-de-fer-gabonais-le-grand-engagement-de-la-setrag\/","og_locale":"fr_FR","og_type":"article","og_title":"Moderniser le chemin de fer gabonais : le grand engagement de la Setrag - 5 f\u00e9vrier 2025 - News - Eramet","og_description":"La Soci\u00e9t\u00e9 d\u2019Exploitation du Transgabonais (SETRAG) a re\u00e7u une contribution de l\u2019Agence Fran\u00e7aise de D\u00e9veloppement et un don de l\u2019Union Europ\u00e9enne pour soutenir la mise en \u0153uvre de son vaste programme de modernisation et de s\u00e9curisation du chemin de fer gabonais.","og_url":"https:\/\/www.eramet.com\/fr\/news\/moderniser-le-chemin-de-fer-gabonais-le-grand-engagement-de-la-setrag\/","og_site_name":"Eramet","article_publisher":"https:\/\/www.facebook.com\/Erametgroupe\/","article_published_time":"2025-02-05T13:00:48+00:00","article_modified_time":"2025-02-06T15:12:10+00:00","og_image":[{"width":1920,"height":1080,"url":"https:\/\/www.eramet.com\/wp-content\/uploads\/2025\/02\/2025-02-05-Eramet-Moderniser-le-chemin-de-fer-gabonais-le-grand-engagement-de-la-Setrag.jpg","type":"image\/jpeg"}],"author":"Webmaster Eramet","twitter_card":"summary_large_image","twitter_creator":"@GroupeEramet","twitter_site":"@GroupeEramet","twitter_misc":{"\u00c9crit par":"Webmaster Eramet","Dur\u00e9e de lecture estim\u00e9e":"3 minutes"},"schema":{"@context":"https:\/\/schema.org","@graph":[{"@type":"Article","@id":"https:\/\/www.eramet.com\/fr\/news\/moderniser-le-chemin-de-fer-gabonais-le-grand-engagement-de-la-setrag\/#article","isPartOf":{"@id":"https:\/\/www.eramet.com\/fr\/news\/moderniser-le-chemin-de-fer-gabonais-le-grand-engagement-de-la-setrag\/"},"author":{"name":"Webmaster Eramet","@id":"https:\/\/www.eramet.com\/fr\/#\/schema\/person\/83a0ed8eea67db99b6bcbc811f35ba32"},"headline":"Moderniser le chemin de fer gabonais : le grand engagement de la Setrag","datePublished":"2025-02-05T13:00:48+00:00","dateModified":"2025-02-06T15:12:10+00:00","mainEntityOfPage":{"@id":"https:\/\/www.eramet.com\/fr\/news\/moderniser-le-chemin-de-fer-gabonais-le-grand-engagement-de-la-setrag\/"},"wordCount":2282,"publisher":{"@id":"https:\/\/www.eramet.com\/fr\/#organization"},"image":{"@id":"https:\/\/www.eramet.com\/fr\/news\/moderniser-le-chemin-de-fer-gabonais-le-grand-engagement-de-la-setrag\/#primaryimage"},"thumbnailUrl":"https:\/\/www.eramet.com\/wp-content\/uploads\/2025\/02\/2025-02-05-Eramet-Moderniser-le-chemin-de-fer-gabonais-le-grand-engagement-de-la-Setrag.jpg","keywords":["Setrag"],"articleSection":["RSE"],"inLanguage":"fr-FR"},{"@type":"WebPage","@id":"https:\/\/www.eramet.com\/fr\/news\/moderniser-le-chemin-de-fer-gabonais-le-grand-engagement-de-la-setrag\/","url":"https:\/\/www.eramet.com\/fr\/news\/moderniser-le-chemin-de-fer-gabonais-le-grand-engagement-de-la-setrag\/","name":"Moderniser le chemin de fer gabonais : le grand engagement de la Setrag - 5 f\u00e9vrier 2025 - News - Eramet","isPartOf":{"@id":"https:\/\/www.eramet.com\/fr\/#website"},"primaryImageOfPage":{"@id":"https:\/\/www.eramet.com\/fr\/news\/moderniser-le-chemin-de-fer-gabonais-le-grand-engagement-de-la-setrag\/#primaryimage"},"image":{"@id":"https:\/\/www.eramet.com\/fr\/news\/moderniser-le-chemin-de-fer-gabonais-le-grand-engagement-de-la-setrag\/#primaryimage"},"thumbnailUrl":"https:\/\/www.eramet.com\/wp-content\/uploads\/2025\/02\/2025-02-05-Eramet-Moderniser-le-chemin-de-fer-gabonais-le-grand-engagement-de-la-Setrag.jpg","datePublished":"2025-02-05T13:00:48+00:00","dateModified":"2025-02-06T15:12:10+00:00","breadcrumb":{"@id":"https:\/\/www.eramet.com\/fr\/news\/moderniser-le-chemin-de-fer-gabonais-le-grand-engagement-de-la-setrag\/#breadcrumb"},"inLanguage":"fr-FR","potentialAction":[{"@type":"ReadAction","target":["https:\/\/www.eramet.com\/fr\/news\/moderniser-le-chemin-de-fer-gabonais-le-grand-engagement-de-la-setrag\/"]}]},{"@type":"ImageObject","inLanguage":"fr-FR","@id":"https:\/\/www.eramet.com\/fr\/news\/moderniser-le-chemin-de-fer-gabonais-le-grand-engagement-de-la-setrag\/#primaryimage","url":"https:\/\/www.eramet.com\/wp-content\/uploads\/2025\/02\/2025-02-05-Eramet-Moderniser-le-chemin-de-fer-gabonais-le-grand-engagement-de-la-Setrag.jpg","contentUrl":"https:\/\/www.eramet.com\/wp-content\/uploads\/2025\/02\/2025-02-05-Eramet-Moderniser-le-chemin-de-fer-gabonais-le-grand-engagement-de-la-Setrag.jpg","width":1920,"height":1080,"caption":"2025-02-05 Moderniser le chemin de fer gabonais : le grand engagement de la Setrag"},{"@type":"BreadcrumbList","@id":"https:\/\/www.eramet.com\/fr\/news\/moderniser-le-chemin-de-fer-gabonais-le-grand-engagement-de-la-setrag\/#breadcrumb","itemListElement":[{"@type":"ListItem","position":1,"name":"Eramet","item":"https:\/\/www.eramet.com\/fr\/"},{"@type":"ListItem","position":2,"name":"Moderniser le chemin de fer gabonais : le grand engagement de la Setrag"}]},{"@type":"WebSite","@id":"https:\/\/www.eramet.com\/fr\/#website","url":"https:\/\/www.eramet.com\/fr\/","name":"Eramet","description":"Committed to sustainable metals","publisher":{"@id":"https:\/\/www.eramet.com\/fr\/#organization"},"potentialAction":[{"@type":"SearchAction","target":{"@type":"EntryPoint","urlTemplate":"https:\/\/www.eramet.com\/fr\/?s={search_term_string}"},"query-input":{"@type":"PropertyValueSpecification","valueRequired":true,"valueName":"search_term_string"}}],"inLanguage":"fr-FR"},{"@type":"Organization","@id":"https:\/\/www.eramet.com\/fr\/#organization","name":"Eramet","url":"https:\/\/www.eramet.com\/fr\/","logo":{"@type":"ImageObject","inLanguage":"fr-FR","@id":"https:\/\/www.eramet.com\/fr\/#\/schema\/logo\/image\/","url":"https:\/\/www.eramet.com\/wp-content\/uploads\/2023\/07\/Eramet-logo.png","contentUrl":"https:\/\/www.eramet.com\/wp-content\/uploads\/2023\/07\/Eramet-logo.png","width":800,"height":316,"caption":"Eramet"},"image":{"@id":"https:\/\/www.eramet.com\/fr\/#\/schema\/logo\/image\/"},"sameAs":["https:\/\/www.facebook.com\/Erametgroupe\/","https:\/\/x.com\/GroupeEramet","https:\/\/www.linkedin.com\/company\/163668","https:\/\/www.youtube.com\/channel\/UClYCNuDEwBjXD-njglf9UaQ"]},{"@type":"Person","@id":"https:\/\/www.eramet.com\/fr\/#\/schema\/person\/83a0ed8eea67db99b6bcbc811f35ba32","name":"Webmaster Eramet"}]}},"_links":{"self":[{"href":"https:\/\/www.eramet.com\/fr\/wp-json\/wp\/v2\/posts\/51500","targetHints":{"allow":["GET"]}}],"collection":[{"href":"https:\/\/www.eramet.com\/fr\/wp-json\/wp\/v2\/posts"}],"about":[{"href":"https:\/\/www.eramet.com\/fr\/wp-json\/wp\/v2\/types\/post"}],"author":[{"embeddable":true,"href":"https:\/\/www.eramet.com\/fr\/wp-json\/wp\/v2\/users\/3"}],"replies":[{"embeddable":true,"href":"https:\/\/www.eramet.com\/fr\/wp-json\/wp\/v2\/comments?post=51500"}],"version-history":[{"count":4,"href":"https:\/\/www.eramet.com\/fr\/wp-json\/wp\/v2\/posts\/51500\/revisions"}],"predecessor-version":[{"id":51518,"href":"https:\/\/www.eramet.com\/fr\/wp-json\/wp\/v2\/posts\/51500\/revisions\/51518"}],"wp:featuredmedia":[{"embeddable":true,"href":"https:\/\/www.eramet.com\/fr\/wp-json\/wp\/v2\/media\/51502"}],"wp:attachment":[{"href":"https:\/\/www.eramet.com\/fr\/wp-json\/wp\/v2\/media?parent=51500"}],"wp:term":[{"taxonomy":"category","embeddable":true,"href":"https:\/\/www.eramet.com\/fr\/wp-json\/wp\/v2\/categories?post=51500"},{"taxonomy":"post_tag","embeddable":true,"href":"https:\/\/www.eramet.com\/fr\/wp-json\/wp\/v2\/tags?post=51500"}],"curies":[{"name":"wp","href":"https:\/\/api.w.org\/{rel}","templated":true}]}}