{"id":48453,"date":"2024-06-27T16:37:31","date_gmt":"2024-06-27T14:37:31","guid":{"rendered":"https:\/\/www.eramet.com\/?p=48453"},"modified":"2025-06-04T16:24:04","modified_gmt":"2025-06-04T14:24:04","slug":"tout-savoir-sur-leramet-global-care-le-nouvel-accord-de-protection-sociale-deramet","status":"publish","type":"post","link":"https:\/\/www.eramet.com\/fr\/news\/tout-savoir-sur-leramet-global-care-le-nouvel-accord-de-protection-sociale-deramet\/","title":{"rendered":"Tout savoir sur l\u2019Eramet Global Care, le nouvel accord de protection sociale d\u2019Eramet"},"content":{"rendered":"<div class=\"fusion-fullwidth fullwidth-box fusion-builder-row-1 fusion-flex-container nonhundred-percent-fullwidth non-hundred-percent-height-scrolling\" style=\"--awb-border-radius-top-left:0px;--awb-border-radius-top-right:0px;--awb-border-radius-bottom-right:0px;--awb-border-radius-bottom-left:0px;--awb-flex-wrap:wrap;\" ><div class=\"fusion-builder-row fusion-row fusion-flex-align-items-flex-start fusion-flex-justify-content-center fusion-flex-content-wrap\" style=\"max-width:1468.8px;margin-left: calc(-2% \/ 2 );margin-right: calc(-2% \/ 2 );\"><div class=\"fusion-layout-column fusion_builder_column fusion-builder-column-0 fusion_builder_column_2_3 2_3 fusion-flex-column\" style=\"--awb-bg-blend:overlay;--awb-bg-size:cover;--awb-width-large:66.666666666667%;--awb-margin-top-large:0px;--awb-spacing-right-large:1.47%;--awb-margin-bottom-large:20px;--awb-spacing-left-large:1.47%;--awb-width-medium:66.666666666667%;--awb-spacing-right-medium:1.47%;--awb-spacing-left-medium:1.47%;--awb-width-small:100%;--awb-spacing-right-small:0.98%;--awb-spacing-left-small:0.98%;\"><div class=\"fusion-column-wrapper fusion-flex-justify-content-flex-start fusion-content-layout-column\"><div class=\"fusion-text fusion-text-1\"><p>Le 5 juin 2024, Eramet franchissait une nouvelle \u00e9tape en mati\u00e8re de dialogue social et de protection de ses salari\u00e9s.<\/p>\n<p><strong>Eramet Global Care<\/strong>, <a href=\"https:\/\/www.eramet.com\/wp-content\/uploads\/2024\/06\/2024-06-05-Eramet-CP-Eramet-Global-Care-FR.pdf\">un accord sign\u00e9 lors de la 2e pl\u00e9ni\u00e8re de l\u2019Eramet Global Forum<\/a> par la Direction d\u2019Eramet et les repr\u00e9sentants des salari\u00e9s, \u00e9tablit en effet <strong>un socle commun de protection sociale au niveau mondial pour tous les salari\u00e9s d\u2019Eramet<\/strong>, dans les 13 pays o\u00f9 le Groupe est pr\u00e9sent.<\/p>\n<p style=\"text-align: center;\"><strong>Mireille Randretsa, Directrice des relations sociale d\u2019Eramet, et Annick Otshudi, Secr\u00e9taire G\u00e9n\u00e9rale de l\u2019Eramet Global Forum et repr\u00e9sentante des salari\u00e9s, vous en disent plus en vid\u00e9o :<\/strong><\/p>\n<\/div><\/div><\/div><div class=\"fusion-layout-column fusion_builder_column fusion-builder-column-1 fusion_builder_column_5_6 5_6 fusion-flex-column\" style=\"--awb-bg-blend:overlay;--awb-bg-size:cover;--awb-width-large:83.333333333333%;--awb-margin-top-large:0px;--awb-spacing-right-large:1.176%;--awb-margin-bottom-large:20px;--awb-spacing-left-large:1.176%;--awb-width-medium:83.333333333333%;--awb-spacing-right-medium:1.176%;--awb-spacing-left-medium:1.176%;--awb-width-small:100%;--awb-spacing-right-small:0.98%;--awb-spacing-left-small:0.98%;\"><div class=\"fusion-column-wrapper fusion-flex-justify-content-flex-start fusion-content-layout-column\"><div class=\"fusion-video fusion-youtube\" style=\"--awb-max-width:1200px;--awb-max-height:675px;\"><div class=\"video-shortcode\"><lite-youtube videoid=\"HHZ3PJtYmG4\" class=\"landscape\" params=\"wmode=transparent&autoplay=1&enablejsapi=1\" title=\"YouTube video player 1\" width=\"1200\" height=\"675\"><\/lite-youtube><\/div><\/div><\/div><\/div><div class=\"fusion-layout-column fusion_builder_column fusion-builder-column-2 fusion_builder_column_2_3 2_3 fusion-flex-column\" style=\"--awb-bg-blend:overlay;--awb-bg-size:cover;--awb-width-large:66.666666666667%;--awb-margin-top-large:0px;--awb-spacing-right-large:1.47%;--awb-margin-bottom-large:20px;--awb-spacing-left-large:1.47%;--awb-width-medium:66.666666666667%;--awb-spacing-right-medium:1.47%;--awb-spacing-left-medium:1.47%;--awb-width-small:100%;--awb-spacing-right-small:0.98%;--awb-spacing-left-small:0.98%;\"><div class=\"fusion-column-wrapper fusion-flex-justify-content-flex-start fusion-content-layout-column\"><div class=\"fusion-text fusion-text-2\"><p>Fond\u00e9 en 2023, l\u2019Eramet Global Forum est une v\u00e9ritable innovation en mati\u00e8re de dialogue social au sein du secteur minier.<\/p>\n<p>Sa mission : d\u00e9velopper et faire vivre un dialogue social ouvert et respectueux, et porter la parole des collaborateurs sur des sujets-cl\u00e9s pour l\u2019avenir d\u2019Eramet ; et n\u00e9gocier des accords applicables \u00e0 l\u2019ensemble des collaborateurs, sur des th\u00e9matiques vari\u00e9es telles que la protection sociale, le bien-\u00eatre et la qualit\u00e9 de vie au travail, la diversit\u00e9 et l\u2019inclusion ou encore la parentalit\u00e9, en compl\u00e9ment des initiatives locales.<\/p>\n<\/div><\/div><\/div><\/div><\/div>\n","protected":false},"excerpt":{"rendered":"","protected":false},"author":6,"featured_media":48458,"comment_status":"closed","ping_status":"closed","sticky":false,"template":"","format":"standard","meta":{"_acf_changed":false,"inline_featured_image":false,"footnotes":""},"categories":[33,34],"tags":[207,161,640,297],"class_list":["post-48453","post","type-post","status-publish","format-standard","has-post-thumbnail","hentry","category-rh","category-rse","tag-diversite-inclusion","tag-egalite","tag-eramet-global-care","tag-sante","nature-actualite"],"acf":[],"yoast_head":"<!-- This site is optimized with the Yoast SEO plugin v25.3.1 - https:\/\/yoast.com\/wordpress\/plugins\/seo\/ -->\n<title>Tout savoir sur l\u2019Eramet Global Care, le nouvel accord de protection sociale d\u2019Eramet - 27 juin 2024 - News - Eramet<\/title>\n<meta name=\"robots\" content=\"index, follow, max-snippet:-1, max-image-preview:large, max-video-preview:-1\" \/>\n<link rel=\"canonical\" href=\"https:\/\/www.eramet.com\/fr\/news\/tout-savoir-sur-leramet-global-care-le-nouvel-accord-de-protection-sociale-deramet\/\" \/>\n<meta property=\"og:locale\" content=\"fr_FR\" \/>\n<meta property=\"og:type\" content=\"article\" \/>\n<meta property=\"og:title\" content=\"Tout savoir sur l\u2019Eramet Global Care, le nouvel accord de protection sociale d\u2019Eramet - 27 juin 2024 - News - Eramet\" \/>\n<meta property=\"og:url\" content=\"https:\/\/www.eramet.com\/fr\/news\/tout-savoir-sur-leramet-global-care-le-nouvel-accord-de-protection-sociale-deramet\/\" \/>\n<meta property=\"og:site_name\" content=\"Eramet\" \/>\n<meta property=\"article:publisher\" content=\"https:\/\/www.facebook.com\/Erametgroupe\/\" \/>\n<meta property=\"article:published_time\" content=\"2024-06-27T14:37:31+00:00\" \/>\n<meta property=\"article:modified_time\" content=\"2025-06-04T14:24:04+00:00\" \/>\n<meta property=\"og:image\" content=\"https:\/\/www.eramet.com\/wp-content\/uploads\/2024\/06\/Banniere-video-global-care.jpg\" \/>\n\t<meta property=\"og:image:width\" content=\"1920\" \/>\n\t<meta property=\"og:image:height\" content=\"1080\" \/>\n\t<meta property=\"og:image:type\" content=\"image\/jpeg\" \/>\n<meta name=\"author\" content=\"Paul Boulanger\" \/>\n<meta name=\"twitter:card\" content=\"summary_large_image\" \/>\n<meta name=\"twitter:creator\" content=\"@GroupeEramet\" \/>\n<meta name=\"twitter:site\" content=\"@GroupeEramet\" \/>\n<meta name=\"twitter:label1\" content=\"\u00c9crit par\" \/>\n\t<meta name=\"twitter:data1\" content=\"Paul Boulanger\" \/>\n\t<meta name=\"twitter:label2\" content=\"Dur\u00e9e de lecture estim\u00e9e\" \/>\n\t<meta name=\"twitter:data2\" content=\"2 minutes\" \/>\n<script type=\"application\/ld+json\" class=\"yoast-schema-graph\">{\"@context\":\"https:\/\/schema.org\",\"@graph\":[{\"@type\":\"Article\",\"@id\":\"https:\/\/www.eramet.com\/fr\/news\/tout-savoir-sur-leramet-global-care-le-nouvel-accord-de-protection-sociale-deramet\/#article\",\"isPartOf\":{\"@id\":\"https:\/\/www.eramet.com\/fr\/news\/tout-savoir-sur-leramet-global-care-le-nouvel-accord-de-protection-sociale-deramet\/\"},\"author\":{\"name\":\"Paul Boulanger\",\"@id\":\"https:\/\/www.eramet.com\/fr\/#\/schema\/person\/218061b98daa51a4cd3971d738fa6bbe\"},\"headline\":\"Tout savoir sur l\u2019Eramet Global Care, le nouvel accord de protection sociale d\u2019Eramet\",\"datePublished\":\"2024-06-27T14:37:31+00:00\",\"dateModified\":\"2025-06-04T14:24:04+00:00\",\"mainEntityOfPage\":{\"@id\":\"https:\/\/www.eramet.com\/fr\/news\/tout-savoir-sur-leramet-global-care-le-nouvel-accord-de-protection-sociale-deramet\/\"},\"wordCount\":655,\"publisher\":{\"@id\":\"https:\/\/www.eramet.com\/fr\/#organization\"},\"image\":{\"@id\":\"https:\/\/www.eramet.com\/fr\/news\/tout-savoir-sur-leramet-global-care-le-nouvel-accord-de-protection-sociale-deramet\/#primaryimage\"},\"thumbnailUrl\":\"https:\/\/www.eramet.com\/wp-content\/uploads\/2024\/06\/Banniere-video-global-care.jpg\",\"keywords\":[\"Diversit\u00e9 &amp; Inclusion\",\"Egalit\u00e9\",\"Eramet Global Care\",\"Sant\u00e9\"],\"articleSection\":[\"RH\",\"RSE\"],\"inLanguage\":\"fr-FR\"},{\"@type\":\"WebPage\",\"@id\":\"https:\/\/www.eramet.com\/fr\/news\/tout-savoir-sur-leramet-global-care-le-nouvel-accord-de-protection-sociale-deramet\/\",\"url\":\"https:\/\/www.eramet.com\/fr\/news\/tout-savoir-sur-leramet-global-care-le-nouvel-accord-de-protection-sociale-deramet\/\",\"name\":\"Tout savoir sur l\u2019Eramet Global Care, le nouvel accord de protection sociale d\u2019Eramet - 27 juin 2024 - News - Eramet\",\"isPartOf\":{\"@id\":\"https:\/\/www.eramet.com\/fr\/#website\"},\"primaryImageOfPage\":{\"@id\":\"https:\/\/www.eramet.com\/fr\/news\/tout-savoir-sur-leramet-global-care-le-nouvel-accord-de-protection-sociale-deramet\/#primaryimage\"},\"image\":{\"@id\":\"https:\/\/www.eramet.com\/fr\/news\/tout-savoir-sur-leramet-global-care-le-nouvel-accord-de-protection-sociale-deramet\/#primaryimage\"},\"thumbnailUrl\":\"https:\/\/www.eramet.com\/wp-content\/uploads\/2024\/06\/Banniere-video-global-care.jpg\",\"datePublished\":\"2024-06-27T14:37:31+00:00\",\"dateModified\":\"2025-06-04T14:24:04+00:00\",\"breadcrumb\":{\"@id\":\"https:\/\/www.eramet.com\/fr\/news\/tout-savoir-sur-leramet-global-care-le-nouvel-accord-de-protection-sociale-deramet\/#breadcrumb\"},\"inLanguage\":\"fr-FR\",\"potentialAction\":[{\"@type\":\"ReadAction\",\"target\":[\"https:\/\/www.eramet.com\/fr\/news\/tout-savoir-sur-leramet-global-care-le-nouvel-accord-de-protection-sociale-deramet\/\"]}]},{\"@type\":\"ImageObject\",\"inLanguage\":\"fr-FR\",\"@id\":\"https:\/\/www.eramet.com\/fr\/news\/tout-savoir-sur-leramet-global-care-le-nouvel-accord-de-protection-sociale-deramet\/#primaryimage\",\"url\":\"https:\/\/www.eramet.com\/wp-content\/uploads\/2024\/06\/Banniere-video-global-care.jpg\",\"contentUrl\":\"https:\/\/www.eramet.com\/wp-content\/uploads\/2024\/06\/Banniere-video-global-care.jpg\",\"width\":1920,\"height\":1080},{\"@type\":\"BreadcrumbList\",\"@id\":\"https:\/\/www.eramet.com\/fr\/news\/tout-savoir-sur-leramet-global-care-le-nouvel-accord-de-protection-sociale-deramet\/#breadcrumb\",\"itemListElement\":[{\"@type\":\"ListItem\",\"position\":1,\"name\":\"Eramet\",\"item\":\"https:\/\/www.eramet.com\/fr\/\"},{\"@type\":\"ListItem\",\"position\":2,\"name\":\"Tout savoir sur l\u2019Eramet Global Care, le nouvel accord de protection sociale d\u2019Eramet\"}]},{\"@type\":\"WebSite\",\"@id\":\"https:\/\/www.eramet.com\/fr\/#website\",\"url\":\"https:\/\/www.eramet.com\/fr\/\",\"name\":\"Eramet\",\"description\":\"Committed to sustainable metals\",\"publisher\":{\"@id\":\"https:\/\/www.eramet.com\/fr\/#organization\"},\"potentialAction\":[{\"@type\":\"SearchAction\",\"target\":{\"@type\":\"EntryPoint\",\"urlTemplate\":\"https:\/\/www.eramet.com\/fr\/?s={search_term_string}\"},\"query-input\":{\"@type\":\"PropertyValueSpecification\",\"valueRequired\":true,\"valueName\":\"search_term_string\"}}],\"inLanguage\":\"fr-FR\"},{\"@type\":\"Organization\",\"@id\":\"https:\/\/www.eramet.com\/fr\/#organization\",\"name\":\"Eramet\",\"url\":\"https:\/\/www.eramet.com\/fr\/\",\"logo\":{\"@type\":\"ImageObject\",\"inLanguage\":\"fr-FR\",\"@id\":\"https:\/\/www.eramet.com\/fr\/#\/schema\/logo\/image\/\",\"url\":\"https:\/\/www.eramet.com\/wp-content\/uploads\/2023\/07\/Eramet-logo.png\",\"contentUrl\":\"https:\/\/www.eramet.com\/wp-content\/uploads\/2023\/07\/Eramet-logo.png\",\"width\":800,\"height\":316,\"caption\":\"Eramet\"},\"image\":{\"@id\":\"https:\/\/www.eramet.com\/fr\/#\/schema\/logo\/image\/\"},\"sameAs\":[\"https:\/\/www.facebook.com\/Erametgroupe\/\",\"https:\/\/x.com\/GroupeEramet\",\"https:\/\/www.linkedin.com\/company\/163668\",\"https:\/\/www.youtube.com\/channel\/UClYCNuDEwBjXD-njglf9UaQ\"]},{\"@type\":\"Person\",\"@id\":\"https:\/\/www.eramet.com\/fr\/#\/schema\/person\/218061b98daa51a4cd3971d738fa6bbe\",\"name\":\"Paul Boulanger\"}]}<\/script>\n<!-- \/ Yoast SEO plugin. -->","yoast_head_json":{"title":"Tout savoir sur l\u2019Eramet Global Care, le nouvel accord de protection sociale d\u2019Eramet - 27 juin 2024 - News - Eramet","robots":{"index":"index","follow":"follow","max-snippet":"max-snippet:-1","max-image-preview":"max-image-preview:large","max-video-preview":"max-video-preview:-1"},"canonical":"https:\/\/www.eramet.com\/fr\/news\/tout-savoir-sur-leramet-global-care-le-nouvel-accord-de-protection-sociale-deramet\/","og_locale":"fr_FR","og_type":"article","og_title":"Tout savoir sur l\u2019Eramet Global Care, le nouvel accord de protection sociale d\u2019Eramet - 27 juin 2024 - News - Eramet","og_url":"https:\/\/www.eramet.com\/fr\/news\/tout-savoir-sur-leramet-global-care-le-nouvel-accord-de-protection-sociale-deramet\/","og_site_name":"Eramet","article_publisher":"https:\/\/www.facebook.com\/Erametgroupe\/","article_published_time":"2024-06-27T14:37:31+00:00","article_modified_time":"2025-06-04T14:24:04+00:00","og_image":[{"width":1920,"height":1080,"url":"https:\/\/www.eramet.com\/wp-content\/uploads\/2024\/06\/Banniere-video-global-care.jpg","type":"image\/jpeg"}],"author":"Paul Boulanger","twitter_card":"summary_large_image","twitter_creator":"@GroupeEramet","twitter_site":"@GroupeEramet","twitter_misc":{"\u00c9crit par":"Paul Boulanger","Dur\u00e9e de lecture estim\u00e9e":"2 minutes"},"schema":{"@context":"https:\/\/schema.org","@graph":[{"@type":"Article","@id":"https:\/\/www.eramet.com\/fr\/news\/tout-savoir-sur-leramet-global-care-le-nouvel-accord-de-protection-sociale-deramet\/#article","isPartOf":{"@id":"https:\/\/www.eramet.com\/fr\/news\/tout-savoir-sur-leramet-global-care-le-nouvel-accord-de-protection-sociale-deramet\/"},"author":{"name":"Paul Boulanger","@id":"https:\/\/www.eramet.com\/fr\/#\/schema\/person\/218061b98daa51a4cd3971d738fa6bbe"},"headline":"Tout savoir sur l\u2019Eramet Global Care, le nouvel accord de protection sociale d\u2019Eramet","datePublished":"2024-06-27T14:37:31+00:00","dateModified":"2025-06-04T14:24:04+00:00","mainEntityOfPage":{"@id":"https:\/\/www.eramet.com\/fr\/news\/tout-savoir-sur-leramet-global-care-le-nouvel-accord-de-protection-sociale-deramet\/"},"wordCount":655,"publisher":{"@id":"https:\/\/www.eramet.com\/fr\/#organization"},"image":{"@id":"https:\/\/www.eramet.com\/fr\/news\/tout-savoir-sur-leramet-global-care-le-nouvel-accord-de-protection-sociale-deramet\/#primaryimage"},"thumbnailUrl":"https:\/\/www.eramet.com\/wp-content\/uploads\/2024\/06\/Banniere-video-global-care.jpg","keywords":["Diversit\u00e9 &amp; Inclusion","Egalit\u00e9","Eramet Global Care","Sant\u00e9"],"articleSection":["RH","RSE"],"inLanguage":"fr-FR"},{"@type":"WebPage","@id":"https:\/\/www.eramet.com\/fr\/news\/tout-savoir-sur-leramet-global-care-le-nouvel-accord-de-protection-sociale-deramet\/","url":"https:\/\/www.eramet.com\/fr\/news\/tout-savoir-sur-leramet-global-care-le-nouvel-accord-de-protection-sociale-deramet\/","name":"Tout savoir sur l\u2019Eramet Global Care, le nouvel accord de protection sociale d\u2019Eramet - 27 juin 2024 - News - Eramet","isPartOf":{"@id":"https:\/\/www.eramet.com\/fr\/#website"},"primaryImageOfPage":{"@id":"https:\/\/www.eramet.com\/fr\/news\/tout-savoir-sur-leramet-global-care-le-nouvel-accord-de-protection-sociale-deramet\/#primaryimage"},"image":{"@id":"https:\/\/www.eramet.com\/fr\/news\/tout-savoir-sur-leramet-global-care-le-nouvel-accord-de-protection-sociale-deramet\/#primaryimage"},"thumbnailUrl":"https:\/\/www.eramet.com\/wp-content\/uploads\/2024\/06\/Banniere-video-global-care.jpg","datePublished":"2024-06-27T14:37:31+00:00","dateModified":"2025-06-04T14:24:04+00:00","breadcrumb":{"@id":"https:\/\/www.eramet.com\/fr\/news\/tout-savoir-sur-leramet-global-care-le-nouvel-accord-de-protection-sociale-deramet\/#breadcrumb"},"inLanguage":"fr-FR","potentialAction":[{"@type":"ReadAction","target":["https:\/\/www.eramet.com\/fr\/news\/tout-savoir-sur-leramet-global-care-le-nouvel-accord-de-protection-sociale-deramet\/"]}]},{"@type":"ImageObject","inLanguage":"fr-FR","@id":"https:\/\/www.eramet.com\/fr\/news\/tout-savoir-sur-leramet-global-care-le-nouvel-accord-de-protection-sociale-deramet\/#primaryimage","url":"https:\/\/www.eramet.com\/wp-content\/uploads\/2024\/06\/Banniere-video-global-care.jpg","contentUrl":"https:\/\/www.eramet.com\/wp-content\/uploads\/2024\/06\/Banniere-video-global-care.jpg","width":1920,"height":1080},{"@type":"BreadcrumbList","@id":"https:\/\/www.eramet.com\/fr\/news\/tout-savoir-sur-leramet-global-care-le-nouvel-accord-de-protection-sociale-deramet\/#breadcrumb","itemListElement":[{"@type":"ListItem","position":1,"name":"Eramet","item":"https:\/\/www.eramet.com\/fr\/"},{"@type":"ListItem","position":2,"name":"Tout savoir sur l\u2019Eramet Global Care, le nouvel accord de protection sociale d\u2019Eramet"}]},{"@type":"WebSite","@id":"https:\/\/www.eramet.com\/fr\/#website","url":"https:\/\/www.eramet.com\/fr\/","name":"Eramet","description":"Committed to sustainable metals","publisher":{"@id":"https:\/\/www.eramet.com\/fr\/#organization"},"potentialAction":[{"@type":"SearchAction","target":{"@type":"EntryPoint","urlTemplate":"https:\/\/www.eramet.com\/fr\/?s={search_term_string}"},"query-input":{"@type":"PropertyValueSpecification","valueRequired":true,"valueName":"search_term_string"}}],"inLanguage":"fr-FR"},{"@type":"Organization","@id":"https:\/\/www.eramet.com\/fr\/#organization","name":"Eramet","url":"https:\/\/www.eramet.com\/fr\/","logo":{"@type":"ImageObject","inLanguage":"fr-FR","@id":"https:\/\/www.eramet.com\/fr\/#\/schema\/logo\/image\/","url":"https:\/\/www.eramet.com\/wp-content\/uploads\/2023\/07\/Eramet-logo.png","contentUrl":"https:\/\/www.eramet.com\/wp-content\/uploads\/2023\/07\/Eramet-logo.png","width":800,"height":316,"caption":"Eramet"},"image":{"@id":"https:\/\/www.eramet.com\/fr\/#\/schema\/logo\/image\/"},"sameAs":["https:\/\/www.facebook.com\/Erametgroupe\/","https:\/\/x.com\/GroupeEramet","https:\/\/www.linkedin.com\/company\/163668","https:\/\/www.youtube.com\/channel\/UClYCNuDEwBjXD-njglf9UaQ"]},{"@type":"Person","@id":"https:\/\/www.eramet.com\/fr\/#\/schema\/person\/218061b98daa51a4cd3971d738fa6bbe","name":"Paul Boulanger"}]}},"_links":{"self":[{"href":"https:\/\/www.eramet.com\/fr\/wp-json\/wp\/v2\/posts\/48453","targetHints":{"allow":["GET"]}}],"collection":[{"href":"https:\/\/www.eramet.com\/fr\/wp-json\/wp\/v2\/posts"}],"about":[{"href":"https:\/\/www.eramet.com\/fr\/wp-json\/wp\/v2\/types\/post"}],"author":[{"embeddable":true,"href":"https:\/\/www.eramet.com\/fr\/wp-json\/wp\/v2\/users\/6"}],"replies":[{"embeddable":true,"href":"https:\/\/www.eramet.com\/fr\/wp-json\/wp\/v2\/comments?post=48453"}],"version-history":[{"count":2,"href":"https:\/\/www.eramet.com\/fr\/wp-json\/wp\/v2\/posts\/48453\/revisions"}],"predecessor-version":[{"id":48455,"href":"https:\/\/www.eramet.com\/fr\/wp-json\/wp\/v2\/posts\/48453\/revisions\/48455"}],"wp:featuredmedia":[{"embeddable":true,"href":"https:\/\/www.eramet.com\/fr\/wp-json\/wp\/v2\/media\/48458"}],"wp:attachment":[{"href":"https:\/\/www.eramet.com\/fr\/wp-json\/wp\/v2\/media?parent=48453"}],"wp:term":[{"taxonomy":"category","embeddable":true,"href":"https:\/\/www.eramet.com\/fr\/wp-json\/wp\/v2\/categories?post=48453"},{"taxonomy":"post_tag","embeddable":true,"href":"https:\/\/www.eramet.com\/fr\/wp-json\/wp\/v2\/tags?post=48453"}],"curies":[{"name":"wp","href":"https:\/\/api.w.org\/{rel}","templated":true}]}}