{"id":44431,"date":"2023-12-22T16:00:22","date_gmt":"2023-12-22T15:00:22","guid":{"rendered":"https:\/\/www.eramet.com\/?p=44431"},"modified":"2024-06-25T10:20:50","modified_gmt":"2024-06-25T08:20:50","slug":"publication-rapport-droits-humains","status":"publish","type":"post","link":"https:\/\/www.eramet.com\/fr\/news\/publication-rapport-droits-humains\/","title":{"rendered":"Eramet publie son premier rapport Droits Humains"},"content":{"rendered":"<div class=\"fusion-fullwidth fullwidth-box fusion-builder-row-1 fusion-flex-container nonhundred-percent-fullwidth non-hundred-percent-height-scrolling\" style=\"--awb-border-radius-top-left:0px;--awb-border-radius-top-right:0px;--awb-border-radius-bottom-right:0px;--awb-border-radius-bottom-left:0px;--awb-flex-wrap:wrap;\" ><div class=\"fusion-builder-row fusion-row fusion-flex-align-items-flex-start fusion-flex-justify-content-center fusion-flex-content-wrap\" style=\"max-width:1468.8px;margin-left: calc(-2% \/ 2 );margin-right: calc(-2% \/ 2 );\"><div class=\"fusion-layout-column fusion_builder_column fusion-builder-column-0 fusion_builder_column_2_3 2_3 fusion-flex-column\" style=\"--awb-bg-blend:overlay;--awb-bg-size:cover;--awb-width-large:66.666666666667%;--awb-margin-top-large:0px;--awb-spacing-right-large:1.47%;--awb-margin-bottom-large:20px;--awb-spacing-left-large:1.47%;--awb-width-medium:66.666666666667%;--awb-spacing-right-medium:1.47%;--awb-spacing-left-medium:1.47%;--awb-width-small:100%;--awb-spacing-right-small:0.98%;--awb-spacing-left-small:0.98%;\"><div class=\"fusion-column-wrapper fusion-flex-justify-content-flex-start fusion-content-layout-column\"><div class=\"fusion-text fusion-text-1\"><p>Eramet met \u00e0 disposition son tout premier <strong>rapport Droits Humains<\/strong>, con\u00e7u comme <strong>un v\u00e9ritable \u00ab\u00a0guide\u00a0\u00bb<\/strong> pour tout comprendre sur l\u2019engagement du Groupe pour le respect des droits fondamentaux de l\u2019ensemble de ses parties prenantes\u00a0: collaborateurs, partenaires, communaut\u00e9s.<\/p>\n<p>Le rapport inclut notamment\u00a0:<\/p>\n<ul>\n<li>Le message de Christel Bories, PDG du groupe Eramet<\/li>\n<li>La vision des membres du Comit\u00e9 Ex\u00e9cutif d\u2019Eramet sur le respect des Droits Humains<\/li>\n<li>Les standards cl\u00e9s et r\u00e8gles d\u2019or appliqu\u00e9s par le Groupe<\/li>\n<li>Les engagements du Groupe<\/li>\n<li>La gouvernance Droits Humains chez Eramet<\/li>\n<li>La cartographie des risques Droits humains mise \u00e0 jour en 2023<\/li>\n<li>Des \u00e9tudes de cas site par site (Gabon, S\u00e9n\u00e9gal, Argentine, Nouvelle-Cal\u00e9donie, Indon\u00e9sie, Norv\u00e8ge, France, Etats-Unis)<\/li>\n<\/ul>\n<p>Ce rapport triennal est disponible <a href=\"https:\/\/www.eramet.com\/wp-content\/uploads\/2023\/12\/2023-12-Eramet-Human-Rights-report.pdf\" target=\"_blank\" rel=\"noopener\">en anglais<\/a>, <a href=\"https:\/\/www.eramet.com\/wp-content\/uploads\/2024\/04\/2024-04-Eramet-rapport-Droits-Humains.pdf\" target=\"_blank\" rel=\"noopener\">en fran\u00e7ais<\/a> et <a href=\"https:\/\/www.eramet.com\/wp-content\/uploads\/2024\/04\/2024-04-Eramet-informe-sobre-derechos-humanos.pdf\" target=\"_blank\" rel=\"noopener\">en espagnol<\/a>.<\/p>\n<\/div><\/div><\/div><div class=\"fusion-layout-column fusion_builder_column fusion-builder-column-1 fusion_builder_column_2_3 2_3 fusion-flex-column\" style=\"--awb-bg-blend:overlay;--awb-bg-size:cover;--awb-width-large:66.666666666667%;--awb-margin-top-large:0px;--awb-spacing-right-large:1.47%;--awb-margin-bottom-large:20px;--awb-spacing-left-large:1.47%;--awb-width-medium:66.666666666667%;--awb-spacing-right-medium:1.47%;--awb-spacing-left-medium:1.47%;--awb-width-small:100%;--awb-spacing-right-small:0.98%;--awb-spacing-left-small:0.98%;\"><div class=\"fusion-column-wrapper fusion-flex-justify-content-flex-start fusion-content-layout-column\"><div class=\"fusion-text fusion-text-2\"><h2>3 questions \u00e0 Marie-Axelle Gautier, Directrice Impact Soci\u00e9tal et Droits Humains du groupe Eramet<\/h2>\n<h3><strong><br \/><\/strong>Qu\u2019est-ce que les Droits Humains en entreprise ?<\/h3>\n<p><strong><img decoding=\"async\" class=\"lazyload quart alignleft wp-image-44962 size-fusion-600\" src=\"https:\/\/www.eramet.com\/wp-content\/uploads\/2024\/01\/Marie-axelle-600x587.jpg\" data-orig-src=\"https:\/\/www.eramet.com\/wp-content\/uploads\/2024\/01\/Marie-axelle-600x587.jpg\" alt=\"\" width=\"600\" height=\"587\" srcset=\"data:image\/svg+xml,%3Csvg%20xmlns%3D%27http%3A%2F%2Fwww.w3.org%2F2000%2Fsvg%27%20width%3D%27600%27%20height%3D%27587%27%20viewBox%3D%270%200%20600%20587%27%3E%3Crect%20width%3D%27600%27%20height%3D%27587%27%20fill-opacity%3D%220%22%2F%3E%3C%2Fsvg%3E\" data-srcset=\"https:\/\/www.eramet.com\/wp-content\/uploads\/2024\/01\/Marie-axelle-66x66.jpg 66w, https:\/\/www.eramet.com\/wp-content\/uploads\/2024\/01\/Marie-axelle-200x196.jpg 200w, https:\/\/www.eramet.com\/wp-content\/uploads\/2024\/01\/Marie-axelle-300x294.jpg 300w, https:\/\/www.eramet.com\/wp-content\/uploads\/2024\/01\/Marie-axelle-400x392.jpg 400w, https:\/\/www.eramet.com\/wp-content\/uploads\/2024\/01\/Marie-axelle-600x587.jpg 600w, https:\/\/www.eramet.com\/wp-content\/uploads\/2024\/01\/Marie-axelle.jpg 613w\" data-sizes=\"auto\" data-orig-sizes=\"(max-width: 600px) 100vw, 600px\" \/>Marie-Axelle Gautier&nbsp;: <\/strong>Traditionnellement, on a tendance \u00e0 consid\u00e9rer que les droits humains rel\u00e8vent de la responsabilit\u00e9 des \u00e9tats. Or aujourd\u2019hui, ils s\u2019appliquent aussi en entreprise.<\/p>\n<p>Les droits humains sont des droits fondamentaux qui s\u2019appliquent \u00e0 tout individu. Ils englobent la s\u00e9curit\u00e9, la sant\u00e9, la non-discrimination, l\u2019opposition au travail des enfants et au travail forc\u00e9, l\u2019\u00e9galit\u00e9 de traitement, le salaire d\u00e9cent\u2026<\/p>\n<p>Chez Eramet, ces droits s\u2019appliquent aux collaborateurs, aux sous-traitants et aux fournisseurs ainsi qu\u2019aux communaut\u00e9s locales qui peuvent \u00eatre impact\u00e9es par nos activit\u00e9s.<\/p>\n<p>L\u2019engagement du Groupe dans ce domaine a d\u00e9j\u00e0 \u00e9t\u00e9 int\u00e9gr\u00e9 dans notre raison d\u2019\u00eatre, notre Politique Droits Humains ainsi que dans notre feuille de route RSE \u00ab&nbsp;Act for Positive Mining&nbsp;\u00bb<\/p>\n<p>&nbsp;<\/p>\n<h3>Pourquoi publier un rapport Droits Humains&nbsp;?<\/h3>\n<p><strong>M.-A.G.&nbsp;:<\/strong> L&rsquo;objectif de ce rapport est de r\u00e9pondre aux questions des parties prenantes externes et internes (ONG, clients, investisseurs, salari\u00e9s, leurs repr\u00e9sentants \u2026) sur l&rsquo;approche d&rsquo;Eramet en mati\u00e8re de droits de l&rsquo;homme, et de pr\u00e9senter ce que le Groupe a r\u00e9alis\u00e9 depuis 2021 ainsi que les d\u00e9fis auxquels il est confront\u00e9 (respect des droits humains dans la cha\u00eene de valeur, respect des communaut\u00e9s locales, protection de l\u2019environnement\u2026). Ce rapport offre \u00e9galement l&rsquo;occasion de faire entendre la voix de ces parties prenantes et d&rsquo;accro\u00eetre notre transparence aupr\u00e8s d\u2019elles.<\/p>\n<p>Par ailleurs, la publication du rapport contribue \u00e0 la r\u00e9alisation de l\u2019objectif 8 de la feuille de route RSE 2018-2023, qui \u00e9tait de devenir une r\u00e9f\u00e9rence en mati\u00e8re de droits humains dans notre sph\u00e8re d\u2019activit\u00e9.<\/p>\n<p>&nbsp;<\/p>\n<h3>Comment avez-vous proc\u00e9d\u00e9 pour cr\u00e9er ce rapport&nbsp;?<\/h3>\n<p><strong>M.-A.G.&nbsp;:<\/strong> Ce rapport est le fruit d\u2019un travail collaboratif avec l\u2019ensemble des sites du Groupe et de nombreuses Directions support d\u2019Eramet (Environnement, Ethique &amp; Compliance, Diversit\u00e9 &amp; Inclusion, Achats, Juridique, S\u00e9curit\u00e9, S\u00fbret\u00e9, Risques\u2026).<\/p>\n<p>Bien s\u00fbr, il pr\u00e9sente les engagements d\u2019Eramet et les outils dont nous disposons, mais il met \u00e9galement en lumi\u00e8re des exemples d\u00e9taill\u00e9s \u00e0 travers des \u00e9tudes de cas pour l\u2019ensemble des implantations du Groupe. Nous avons en effet souhait\u00e9 mettre en avant certaines actions mises en \u0153uvre par les sites pour pr\u00e9venir et g\u00e9rer certains risques locaux (recrutement, patrimoine culturel, s\u00e9curit\u00e9\u2026).<\/p>\n<\/div><\/div><\/div><\/div><\/div>\n","protected":false},"excerpt":{"rendered":"","protected":false},"author":3,"featured_media":44870,"comment_status":"closed","ping_status":"closed","sticky":false,"template":"","format":"standard","meta":{"_acf_changed":false,"inline_featured_image":false,"footnotes":""},"categories":[32,34],"tags":[301],"class_list":["post-44431","post","type-post","status-publish","format-standard","has-post-thumbnail","hentry","category-groupe","category-rse","tag-droits-humains","nature-actualite","nature-publication"],"acf":{"pdf":46874,"titre_du_pdf":"Publication Droits Humains","pdf_rendering":true},"yoast_head":"<!-- This site is optimized with the Yoast SEO plugin v25.3.1 - https:\/\/yoast.com\/wordpress\/plugins\/seo\/ -->\n<title>Eramet publie son premier rapport Droits Humains - 22 d\u00e9cembre 2023 - News - Eramet<\/title>\n<meta name=\"robots\" content=\"index, follow, max-snippet:-1, max-image-preview:large, max-video-preview:-1\" \/>\n<link rel=\"canonical\" href=\"https:\/\/www.eramet.com\/fr\/news\/publication-rapport-droits-humains\/\" \/>\n<meta property=\"og:locale\" content=\"fr_FR\" \/>\n<meta property=\"og:type\" content=\"article\" \/>\n<meta property=\"og:title\" content=\"Eramet publie son premier rapport Droits Humains - 22 d\u00e9cembre 2023 - News - Eramet\" \/>\n<meta property=\"og:url\" content=\"https:\/\/www.eramet.com\/fr\/news\/publication-rapport-droits-humains\/\" \/>\n<meta property=\"og:site_name\" content=\"Eramet\" \/>\n<meta property=\"article:publisher\" content=\"https:\/\/www.facebook.com\/Erametgroupe\/\" \/>\n<meta property=\"article:published_time\" content=\"2023-12-22T15:00:22+00:00\" \/>\n<meta property=\"article:modified_time\" content=\"2024-06-25T08:20:50+00:00\" \/>\n<meta property=\"og:image\" content=\"https:\/\/www.eramet.com\/wp-content\/uploads\/2023\/12\/2023-12-Eramet-Human-Rights-report-1.jpg\" \/>\n\t<meta property=\"og:image:width\" content=\"1920\" \/>\n\t<meta property=\"og:image:height\" content=\"1080\" \/>\n\t<meta property=\"og:image:type\" content=\"image\/jpeg\" \/>\n<meta name=\"author\" content=\"Webmaster Eramet\" \/>\n<meta name=\"twitter:card\" content=\"summary_large_image\" \/>\n<meta name=\"twitter:creator\" content=\"@GroupeEramet\" \/>\n<meta name=\"twitter:site\" content=\"@GroupeEramet\" \/>\n<meta name=\"twitter:label1\" content=\"\u00c9crit par\" \/>\n\t<meta name=\"twitter:data1\" content=\"Webmaster Eramet\" \/>\n\t<meta name=\"twitter:label2\" content=\"Dur\u00e9e de lecture estim\u00e9e\" \/>\n\t<meta name=\"twitter:data2\" content=\"3 minutes\" \/>\n<script type=\"application\/ld+json\" class=\"yoast-schema-graph\">{\"@context\":\"https:\/\/schema.org\",\"@graph\":[{\"@type\":\"Article\",\"@id\":\"https:\/\/www.eramet.com\/fr\/news\/publication-rapport-droits-humains\/#article\",\"isPartOf\":{\"@id\":\"https:\/\/www.eramet.com\/fr\/news\/publication-rapport-droits-humains\/\"},\"author\":{\"name\":\"Webmaster Eramet\",\"@id\":\"https:\/\/www.eramet.com\/fr\/#\/schema\/person\/83a0ed8eea67db99b6bcbc811f35ba32\"},\"headline\":\"Eramet publie son premier rapport Droits Humains\",\"datePublished\":\"2023-12-22T15:00:22+00:00\",\"dateModified\":\"2024-06-25T08:20:50+00:00\",\"mainEntityOfPage\":{\"@id\":\"https:\/\/www.eramet.com\/fr\/news\/publication-rapport-droits-humains\/\"},\"wordCount\":748,\"publisher\":{\"@id\":\"https:\/\/www.eramet.com\/fr\/#organization\"},\"image\":{\"@id\":\"https:\/\/www.eramet.com\/fr\/news\/publication-rapport-droits-humains\/#primaryimage\"},\"thumbnailUrl\":\"https:\/\/www.eramet.com\/wp-content\/uploads\/2023\/12\/2023-12-Eramet-Human-Rights-report-1.jpg\",\"keywords\":[\"Droits humains\"],\"articleSection\":[\"Groupe\",\"RSE\"],\"inLanguage\":\"fr-FR\"},{\"@type\":\"WebPage\",\"@id\":\"https:\/\/www.eramet.com\/fr\/news\/publication-rapport-droits-humains\/\",\"url\":\"https:\/\/www.eramet.com\/fr\/news\/publication-rapport-droits-humains\/\",\"name\":\"Eramet publie son premier rapport Droits Humains - 22 d\u00e9cembre 2023 - News - Eramet\",\"isPartOf\":{\"@id\":\"https:\/\/www.eramet.com\/fr\/#website\"},\"primaryImageOfPage\":{\"@id\":\"https:\/\/www.eramet.com\/fr\/news\/publication-rapport-droits-humains\/#primaryimage\"},\"image\":{\"@id\":\"https:\/\/www.eramet.com\/fr\/news\/publication-rapport-droits-humains\/#primaryimage\"},\"thumbnailUrl\":\"https:\/\/www.eramet.com\/wp-content\/uploads\/2023\/12\/2023-12-Eramet-Human-Rights-report-1.jpg\",\"datePublished\":\"2023-12-22T15:00:22+00:00\",\"dateModified\":\"2024-06-25T08:20:50+00:00\",\"breadcrumb\":{\"@id\":\"https:\/\/www.eramet.com\/fr\/news\/publication-rapport-droits-humains\/#breadcrumb\"},\"inLanguage\":\"fr-FR\",\"potentialAction\":[{\"@type\":\"ReadAction\",\"target\":[\"https:\/\/www.eramet.com\/fr\/news\/publication-rapport-droits-humains\/\"]}]},{\"@type\":\"ImageObject\",\"inLanguage\":\"fr-FR\",\"@id\":\"https:\/\/www.eramet.com\/fr\/news\/publication-rapport-droits-humains\/#primaryimage\",\"url\":\"https:\/\/www.eramet.com\/wp-content\/uploads\/2023\/12\/2023-12-Eramet-Human-Rights-report-1.jpg\",\"contentUrl\":\"https:\/\/www.eramet.com\/wp-content\/uploads\/2023\/12\/2023-12-Eramet-Human-Rights-report-1.jpg\",\"width\":1920,\"height\":1080},{\"@type\":\"BreadcrumbList\",\"@id\":\"https:\/\/www.eramet.com\/fr\/news\/publication-rapport-droits-humains\/#breadcrumb\",\"itemListElement\":[{\"@type\":\"ListItem\",\"position\":1,\"name\":\"Eramet\",\"item\":\"https:\/\/www.eramet.com\/fr\/\"},{\"@type\":\"ListItem\",\"position\":2,\"name\":\"Eramet publie son premier rapport Droits Humains\"}]},{\"@type\":\"WebSite\",\"@id\":\"https:\/\/www.eramet.com\/fr\/#website\",\"url\":\"https:\/\/www.eramet.com\/fr\/\",\"name\":\"Eramet\",\"description\":\"Committed to sustainable metals\",\"publisher\":{\"@id\":\"https:\/\/www.eramet.com\/fr\/#organization\"},\"potentialAction\":[{\"@type\":\"SearchAction\",\"target\":{\"@type\":\"EntryPoint\",\"urlTemplate\":\"https:\/\/www.eramet.com\/fr\/?s={search_term_string}\"},\"query-input\":{\"@type\":\"PropertyValueSpecification\",\"valueRequired\":true,\"valueName\":\"search_term_string\"}}],\"inLanguage\":\"fr-FR\"},{\"@type\":\"Organization\",\"@id\":\"https:\/\/www.eramet.com\/fr\/#organization\",\"name\":\"Eramet\",\"url\":\"https:\/\/www.eramet.com\/fr\/\",\"logo\":{\"@type\":\"ImageObject\",\"inLanguage\":\"fr-FR\",\"@id\":\"https:\/\/www.eramet.com\/fr\/#\/schema\/logo\/image\/\",\"url\":\"https:\/\/www.eramet.com\/wp-content\/uploads\/2023\/07\/Eramet-logo.png\",\"contentUrl\":\"https:\/\/www.eramet.com\/wp-content\/uploads\/2023\/07\/Eramet-logo.png\",\"width\":800,\"height\":316,\"caption\":\"Eramet\"},\"image\":{\"@id\":\"https:\/\/www.eramet.com\/fr\/#\/schema\/logo\/image\/\"},\"sameAs\":[\"https:\/\/www.facebook.com\/Erametgroupe\/\",\"https:\/\/x.com\/GroupeEramet\",\"https:\/\/www.linkedin.com\/company\/163668\",\"https:\/\/www.youtube.com\/channel\/UClYCNuDEwBjXD-njglf9UaQ\"]},{\"@type\":\"Person\",\"@id\":\"https:\/\/www.eramet.com\/fr\/#\/schema\/person\/83a0ed8eea67db99b6bcbc811f35ba32\",\"name\":\"Webmaster Eramet\"}]}<\/script>\n<!-- \/ Yoast SEO plugin. -->","yoast_head_json":{"title":"Eramet publie son premier rapport Droits Humains - 22 d\u00e9cembre 2023 - News - Eramet","robots":{"index":"index","follow":"follow","max-snippet":"max-snippet:-1","max-image-preview":"max-image-preview:large","max-video-preview":"max-video-preview:-1"},"canonical":"https:\/\/www.eramet.com\/fr\/news\/publication-rapport-droits-humains\/","og_locale":"fr_FR","og_type":"article","og_title":"Eramet publie son premier rapport Droits Humains - 22 d\u00e9cembre 2023 - News - Eramet","og_url":"https:\/\/www.eramet.com\/fr\/news\/publication-rapport-droits-humains\/","og_site_name":"Eramet","article_publisher":"https:\/\/www.facebook.com\/Erametgroupe\/","article_published_time":"2023-12-22T15:00:22+00:00","article_modified_time":"2024-06-25T08:20:50+00:00","og_image":[{"width":1920,"height":1080,"url":"https:\/\/www.eramet.com\/wp-content\/uploads\/2023\/12\/2023-12-Eramet-Human-Rights-report-1.jpg","type":"image\/jpeg"}],"author":"Webmaster Eramet","twitter_card":"summary_large_image","twitter_creator":"@GroupeEramet","twitter_site":"@GroupeEramet","twitter_misc":{"\u00c9crit par":"Webmaster Eramet","Dur\u00e9e de lecture estim\u00e9e":"3 minutes"},"schema":{"@context":"https:\/\/schema.org","@graph":[{"@type":"Article","@id":"https:\/\/www.eramet.com\/fr\/news\/publication-rapport-droits-humains\/#article","isPartOf":{"@id":"https:\/\/www.eramet.com\/fr\/news\/publication-rapport-droits-humains\/"},"author":{"name":"Webmaster Eramet","@id":"https:\/\/www.eramet.com\/fr\/#\/schema\/person\/83a0ed8eea67db99b6bcbc811f35ba32"},"headline":"Eramet publie son premier rapport Droits Humains","datePublished":"2023-12-22T15:00:22+00:00","dateModified":"2024-06-25T08:20:50+00:00","mainEntityOfPage":{"@id":"https:\/\/www.eramet.com\/fr\/news\/publication-rapport-droits-humains\/"},"wordCount":748,"publisher":{"@id":"https:\/\/www.eramet.com\/fr\/#organization"},"image":{"@id":"https:\/\/www.eramet.com\/fr\/news\/publication-rapport-droits-humains\/#primaryimage"},"thumbnailUrl":"https:\/\/www.eramet.com\/wp-content\/uploads\/2023\/12\/2023-12-Eramet-Human-Rights-report-1.jpg","keywords":["Droits humains"],"articleSection":["Groupe","RSE"],"inLanguage":"fr-FR"},{"@type":"WebPage","@id":"https:\/\/www.eramet.com\/fr\/news\/publication-rapport-droits-humains\/","url":"https:\/\/www.eramet.com\/fr\/news\/publication-rapport-droits-humains\/","name":"Eramet publie son premier rapport Droits Humains - 22 d\u00e9cembre 2023 - News - Eramet","isPartOf":{"@id":"https:\/\/www.eramet.com\/fr\/#website"},"primaryImageOfPage":{"@id":"https:\/\/www.eramet.com\/fr\/news\/publication-rapport-droits-humains\/#primaryimage"},"image":{"@id":"https:\/\/www.eramet.com\/fr\/news\/publication-rapport-droits-humains\/#primaryimage"},"thumbnailUrl":"https:\/\/www.eramet.com\/wp-content\/uploads\/2023\/12\/2023-12-Eramet-Human-Rights-report-1.jpg","datePublished":"2023-12-22T15:00:22+00:00","dateModified":"2024-06-25T08:20:50+00:00","breadcrumb":{"@id":"https:\/\/www.eramet.com\/fr\/news\/publication-rapport-droits-humains\/#breadcrumb"},"inLanguage":"fr-FR","potentialAction":[{"@type":"ReadAction","target":["https:\/\/www.eramet.com\/fr\/news\/publication-rapport-droits-humains\/"]}]},{"@type":"ImageObject","inLanguage":"fr-FR","@id":"https:\/\/www.eramet.com\/fr\/news\/publication-rapport-droits-humains\/#primaryimage","url":"https:\/\/www.eramet.com\/wp-content\/uploads\/2023\/12\/2023-12-Eramet-Human-Rights-report-1.jpg","contentUrl":"https:\/\/www.eramet.com\/wp-content\/uploads\/2023\/12\/2023-12-Eramet-Human-Rights-report-1.jpg","width":1920,"height":1080},{"@type":"BreadcrumbList","@id":"https:\/\/www.eramet.com\/fr\/news\/publication-rapport-droits-humains\/#breadcrumb","itemListElement":[{"@type":"ListItem","position":1,"name":"Eramet","item":"https:\/\/www.eramet.com\/fr\/"},{"@type":"ListItem","position":2,"name":"Eramet publie son premier rapport Droits Humains"}]},{"@type":"WebSite","@id":"https:\/\/www.eramet.com\/fr\/#website","url":"https:\/\/www.eramet.com\/fr\/","name":"Eramet","description":"Committed to sustainable metals","publisher":{"@id":"https:\/\/www.eramet.com\/fr\/#organization"},"potentialAction":[{"@type":"SearchAction","target":{"@type":"EntryPoint","urlTemplate":"https:\/\/www.eramet.com\/fr\/?s={search_term_string}"},"query-input":{"@type":"PropertyValueSpecification","valueRequired":true,"valueName":"search_term_string"}}],"inLanguage":"fr-FR"},{"@type":"Organization","@id":"https:\/\/www.eramet.com\/fr\/#organization","name":"Eramet","url":"https:\/\/www.eramet.com\/fr\/","logo":{"@type":"ImageObject","inLanguage":"fr-FR","@id":"https:\/\/www.eramet.com\/fr\/#\/schema\/logo\/image\/","url":"https:\/\/www.eramet.com\/wp-content\/uploads\/2023\/07\/Eramet-logo.png","contentUrl":"https:\/\/www.eramet.com\/wp-content\/uploads\/2023\/07\/Eramet-logo.png","width":800,"height":316,"caption":"Eramet"},"image":{"@id":"https:\/\/www.eramet.com\/fr\/#\/schema\/logo\/image\/"},"sameAs":["https:\/\/www.facebook.com\/Erametgroupe\/","https:\/\/x.com\/GroupeEramet","https:\/\/www.linkedin.com\/company\/163668","https:\/\/www.youtube.com\/channel\/UClYCNuDEwBjXD-njglf9UaQ"]},{"@type":"Person","@id":"https:\/\/www.eramet.com\/fr\/#\/schema\/person\/83a0ed8eea67db99b6bcbc811f35ba32","name":"Webmaster Eramet"}]}},"_links":{"self":[{"href":"https:\/\/www.eramet.com\/fr\/wp-json\/wp\/v2\/posts\/44431","targetHints":{"allow":["GET"]}}],"collection":[{"href":"https:\/\/www.eramet.com\/fr\/wp-json\/wp\/v2\/posts"}],"about":[{"href":"https:\/\/www.eramet.com\/fr\/wp-json\/wp\/v2\/types\/post"}],"author":[{"embeddable":true,"href":"https:\/\/www.eramet.com\/fr\/wp-json\/wp\/v2\/users\/3"}],"replies":[{"embeddable":true,"href":"https:\/\/www.eramet.com\/fr\/wp-json\/wp\/v2\/comments?post=44431"}],"version-history":[{"count":17,"href":"https:\/\/www.eramet.com\/fr\/wp-json\/wp\/v2\/posts\/44431\/revisions"}],"predecessor-version":[{"id":48268,"href":"https:\/\/www.eramet.com\/fr\/wp-json\/wp\/v2\/posts\/44431\/revisions\/48268"}],"wp:featuredmedia":[{"embeddable":true,"href":"https:\/\/www.eramet.com\/fr\/wp-json\/wp\/v2\/media\/44870"}],"wp:attachment":[{"href":"https:\/\/www.eramet.com\/fr\/wp-json\/wp\/v2\/media?parent=44431"}],"wp:term":[{"taxonomy":"category","embeddable":true,"href":"https:\/\/www.eramet.com\/fr\/wp-json\/wp\/v2\/categories?post=44431"},{"taxonomy":"post_tag","embeddable":true,"href":"https:\/\/www.eramet.com\/fr\/wp-json\/wp\/v2\/tags?post=44431"}],"curies":[{"name":"wp","href":"https:\/\/api.w.org\/{rel}","templated":true}]}}