{"id":34742,"date":"2023-04-28T12:00:51","date_gmt":"2023-04-28T10:00:51","guid":{"rendered":"https:\/\/www.eramet.com\/?p=34742"},"modified":"2024-01-23T14:33:06","modified_gmt":"2024-01-23T13:33:06","slug":"journee-mondiale-de-la-securite-eramet-se-mobilise-pour-prevenir-les-risques-routiers","status":"publish","type":"post","link":"https:\/\/www.eramet.com\/fr\/news\/journee-mondiale-de-la-securite-eramet-se-mobilise-pour-prevenir-les-risques-routiers\/","title":{"rendered":"Journ\u00e9e mondiale de la S\u00e9curit\u00e9 : Eramet se mobilise pour pr\u00e9venir les risques routiers"},"content":{"rendered":"<p><div class=\"fusion-fullwidth fullwidth-box fusion-builder-row-1 fusion-flex-container nonhundred-percent-fullwidth non-hundred-percent-height-scrolling\" style=\"--awb-border-radius-top-left:0px;--awb-border-radius-top-right:0px;--awb-border-radius-bottom-right:0px;--awb-border-radius-bottom-left:0px;--awb-flex-wrap:wrap;\" ><div class=\"fusion-builder-row fusion-row fusion-flex-align-items-flex-start fusion-flex-justify-content-center fusion-flex-content-wrap\" style=\"max-width:1468.8px;margin-left: calc(-2% \/ 2 );margin-right: calc(-2% \/ 2 );\"><div class=\"fusion-layout-column fusion_builder_column fusion-builder-column-0 fusion_builder_column_2_3 2_3 fusion-flex-column\" style=\"--awb-bg-blend:overlay;--awb-bg-size:cover;--awb-width-large:66.666666666667%;--awb-margin-top-large:0px;--awb-spacing-right-large:1.47%;--awb-margin-bottom-large:0px;--awb-spacing-left-large:1.47%;--awb-width-medium:66.666666666667%;--awb-spacing-right-medium:1.47%;--awb-spacing-left-medium:1.47%;--awb-width-small:100%;--awb-spacing-right-small:0.98%;--awb-spacing-left-small:0.98%;\"><div class=\"fusion-column-wrapper fusion-flex-justify-content-flex-start fusion-content-layout-column\"><div class=\"fusion-text fusion-text-1\"><p>Premi\u00e8re cause d\u2019accident du travail, le risque routier est bien r\u00e9el. Eramet, \u00e0 l\u2019occasion de la Journ\u00e9e Mondiale de la S\u00e9curit\u00e9, rappelle l\u2019importance d\u2019appliquer une politique de s\u00e9curit\u00e9 routi\u00e8re \u00ab\u00a0z\u00e9ro accident\u00a0\u00bb au niveau mondial.<\/p>\n<h2>Des standards miniers pour tout le Groupe<\/h2>\n<p>Le Groupe dispose de standards de s\u00e9curit\u00e9 relatifs aux v\u00e9hicules l\u00e9gers et lourds (camions, dumpers) ainsi qu\u2019aux pistes de roulage sur nos sites miniers, que les \u00e9quipes d\u00e9ploient dans toutes les filiales avec l\u2019ambition d\u2019en faire une norme sur l\u2019ensemble des sites en 2023.<\/p>\n<p>Sur notre site de Weda Bay Nickel<strong>\u00a0en Indon\u00e9sie<\/strong>, les pistes ont \u00e9t\u00e9 red\u00e9finies, afin d\u2019y placer des ralentisseurs et des s\u00e9parateurs de voies. Des radars ont \u00e9t\u00e9 install\u00e9s et un plan de circulation dans la mine permet d\u2019\u00e9viter les croisements des 500+ v\u00e9hicules qui y roulent quotidiennement. Les camions sont \u00e9quip\u00e9s d\u2019un dispositif de protection anti-retournement, une armature m\u00e9tallique qui prot\u00e8ge la cabine du conducteur en cas d&rsquo;accident. Ce syst\u00e8me, appel\u00e9 ROPS pour \u00ab\u00a0Roll Over Protection System\u00a0\u00bb, va \u00eatre d\u00e9ploy\u00e9 dans les prochains mois sur les autres sites miniers du Groupe et adapt\u00e9 aux v\u00e9hicules l\u00e9gers.<\/p>\n<h2>Le digital au service de la pr\u00e9vention<\/h2>\n<p>Le Groupe est \u00e9galement dot\u00e9 de plusieurs\u00a0<strong>outils digitaux<\/strong>\u00a0de pr\u00e9vention, notamment pour d\u00e9tecter et g\u00e9rer la fatigue des conducteurs. L\u2019outil\u00a0<strong>OSPAT\u00a0<\/strong>(\u00ab Occupational Safety Performance Assessment Technology \u00bb)<strong>\u00a0<\/strong>par exemple<strong>,\u00a0<\/strong>\u00e9value le niveau de fatigue et l\u2019aptitude \u00e0 la prise de poste par un test d\u2019acuit\u00e9 visuelle. Son d\u00e9ploiement est en cours sur toutes nos mines.<\/p>\n<p>Au Gabon, une\u00a0<strong>solution de cam\u00e9ra embarqu\u00e9e<\/strong>\u00a0dans les v\u00e9hicules a \u00e9t\u00e9 d\u00e9ploy\u00e9e avec succ\u00e8s chez Comilog. La cam\u00e9ra suit le regard du conducteur lors de son trajet pour d\u00e9tecter la fatigue, les \u00e9ventuelles distractions (t\u00e9l\u00e9phone\u2026) ou micro-sommeils. Les donn\u00e9es r\u00e9colt\u00e9es sont par la suite utilis\u00e9es pour mener des actions de pr\u00e9vention. Les tr\u00e8s bons r\u00e9sultats observ\u00e9s avec une forte r\u00e9duction des situations \u00e0 risque permettent de travailler au d\u00e9ploiement du syst\u00e8me sur les autres sites du Groupe.<\/p>\n<p>Enfin en Norv\u00e8ge, dans notre filiale Eramet Norway,\u00a0<strong>un syst\u00e8me connect\u00e9 anticollision<\/strong>\u00a0prot\u00e8ge les collaborateurs sur les sites industriels pour r\u00e9duire tout risque li\u00e9 \u00e0 la coactivit\u00e9 entre engins et pi\u00e9tons.<\/p>\n<\/div><\/div><\/div><div class=\"fusion-layout-column fusion_builder_column fusion-builder-column-1 fusion_builder_column_5_6 5_6 fusion-flex-column\" style=\"--awb-bg-blend:overlay;--awb-bg-size:cover;--awb-width-large:83.333333333333%;--awb-margin-top-large:0px;--awb-spacing-right-large:1.176%;--awb-margin-bottom-large:0px;--awb-spacing-left-large:1.176%;--awb-width-medium:83.333333333333%;--awb-spacing-right-medium:1.176%;--awb-spacing-left-medium:1.176%;--awb-width-small:100%;--awb-spacing-right-small:0.98%;--awb-spacing-left-small:0.98%;\"><div class=\"fusion-column-wrapper fusion-flex-justify-content-flex-start fusion-content-layout-column\"><div class=\"fusion-video fusion-youtube\" style=\"--awb-max-width:1200px;--awb-max-height:675px;--awb-margin-bottom:50px;\"><div class=\"video-shortcode\"><lite-youtube videoid=\"ReLCPb3auD4\" class=\"landscape\" params=\"wmode=transparent&autoplay=1&enablejsapi=1\" title=\"YouTube video player 1\" width=\"1200\" height=\"675\"><\/lite-youtube><\/div><\/div><\/div><\/div><div class=\"fusion-layout-column fusion_builder_column fusion-builder-column-2 fusion_builder_column_2_3 2_3 fusion-flex-column\" style=\"--awb-bg-blend:overlay;--awb-bg-size:cover;--awb-width-large:66.666666666667%;--awb-margin-top-large:0px;--awb-spacing-right-large:1.47%;--awb-margin-bottom-large:0px;--awb-spacing-left-large:1.47%;--awb-width-medium:66.666666666667%;--awb-spacing-right-medium:1.47%;--awb-spacing-left-medium:1.47%;--awb-width-small:100%;--awb-spacing-right-small:0.98%;--awb-spacing-left-small:0.98%;\"><div class=\"fusion-column-wrapper fusion-flex-justify-content-flex-start fusion-content-layout-column\"><div class=\"fusion-text fusion-text-2\"><h2>Former et sensibiliser<\/h2>\n<p>Enfin, parce que la pr\u00e9vention passe aussi et surtout par la\u00a0<strong>sensibilisation et la formation<\/strong>, la campagne de communication interne impuls\u00e9e par la Direction S\u00e9curit\u00e9 et Pr\u00e9vention \u00e0 l\u2019occasion de la Journ\u00e9e Mondiale de la S\u00e9curit\u00e9 est d\u00e9ploy\u00e9e sur chacun de nos 17 sites miniers et industriels. Des modules de e-learning sont mis \u00e0 disposition des collaborateurs, notamment pour les former aux risques routiers lors de leurs d\u00e9placements professionnels.<\/p>\n<\/div><\/div><\/div><div class=\"fusion-layout-column fusion_builder_column fusion-builder-column-3 fusion_builder_column_5_6 5_6 fusion-flex-column\" style=\"--awb-bg-blend:overlay;--awb-bg-size:cover;--awb-width-large:83.333333333333%;--awb-margin-top-large:0px;--awb-spacing-right-large:1.176%;--awb-margin-bottom-large:0px;--awb-spacing-left-large:1.176%;--awb-width-medium:83.333333333333%;--awb-spacing-right-medium:1.176%;--awb-spacing-left-medium:1.176%;--awb-width-small:100%;--awb-spacing-right-small:0.98%;--awb-spacing-left-small:0.98%;\"><div class=\"fusion-column-wrapper fusion-flex-justify-content-flex-start fusion-content-layout-column\"><div class=\"fusion-image-element \" style=\"--awb-caption-title-font-family:var(--h2_typography-font-family);--awb-caption-title-font-weight:var(--h2_typography-font-weight);--awb-caption-title-font-style:var(--h2_typography-font-style);--awb-caption-title-size:var(--h2_typography-font-size);--awb-caption-title-transform:var(--h2_typography-text-transform);--awb-caption-title-line-height:var(--h2_typography-line-height);--awb-caption-title-letter-spacing:var(--h2_typography-letter-spacing);\"><span class=\" fusion-imageframe imageframe-none imageframe-1 hover-type-none\"><img decoding=\"async\" width=\"1920\" height=\"1080\" title=\"2023-04-28-Journ\u00e9e-mondiale-de-la-S\u00e9curit\u00e9-Eramet-se-mobilise-pour-pr\u00e9venir-les-risques-routiers-Former-sensibiliser\" src=\"https:\/\/www.eramet.com\/wp-content\/uploads\/2023\/05\/2023-04-28-Journee-mondiale-de-la-Securite-Eramet-se-mobilise-pour-prevenir-les-risques-routiers-Former-sensibiliser.jpg\" data-orig-src=\"https:\/\/www.eramet.com\/wp-content\/uploads\/2023\/05\/2023-04-28-Journee-mondiale-de-la-Securite-Eramet-se-mobilise-pour-prevenir-les-risques-routiers-Former-sensibiliser.jpg\" alt class=\"lazyload img-responsive wp-image-34747\" srcset=\"data:image\/svg+xml,%3Csvg%20xmlns%3D%27http%3A%2F%2Fwww.w3.org%2F2000%2Fsvg%27%20width%3D%271920%27%20height%3D%271080%27%20viewBox%3D%270%200%201920%201080%27%3E%3Crect%20width%3D%271920%27%20height%3D%271080%27%20fill-opacity%3D%220%22%2F%3E%3C%2Fsvg%3E\" data-srcset=\"https:\/\/www.eramet.com\/wp-content\/uploads\/2023\/05\/2023-04-28-Journee-mondiale-de-la-Securite-Eramet-se-mobilise-pour-prevenir-les-risques-routiers-Former-sensibiliser-200x113.jpg 200w, https:\/\/www.eramet.com\/wp-content\/uploads\/2023\/05\/2023-04-28-Journee-mondiale-de-la-Securite-Eramet-se-mobilise-pour-prevenir-les-risques-routiers-Former-sensibiliser-400x225.jpg 400w, https:\/\/www.eramet.com\/wp-content\/uploads\/2023\/05\/2023-04-28-Journee-mondiale-de-la-Securite-Eramet-se-mobilise-pour-prevenir-les-risques-routiers-Former-sensibiliser-600x338.jpg 600w, https:\/\/www.eramet.com\/wp-content\/uploads\/2023\/05\/2023-04-28-Journee-mondiale-de-la-Securite-Eramet-se-mobilise-pour-prevenir-les-risques-routiers-Former-sensibiliser-800x450.jpg 800w, https:\/\/www.eramet.com\/wp-content\/uploads\/2023\/05\/2023-04-28-Journee-mondiale-de-la-Securite-Eramet-se-mobilise-pour-prevenir-les-risques-routiers-Former-sensibiliser-1200x675.jpg 1200w, https:\/\/www.eramet.com\/wp-content\/uploads\/2023\/05\/2023-04-28-Journee-mondiale-de-la-Securite-Eramet-se-mobilise-pour-prevenir-les-risques-routiers-Former-sensibiliser.jpg 1920w\" data-sizes=\"auto\" data-orig-sizes=\"(max-width: 640px) 100vw, 1200px\" \/><\/span><\/div><\/div><\/div><\/div><\/div><div class=\"fusion-fullwidth fullwidth-box fusion-builder-row-2 fusion-flex-container has-pattern-background has-mask-background nonhundred-percent-fullwidth non-hundred-percent-height-scrolling\" style=\"--awb-border-radius-top-left:10px;--awb-border-radius-top-right:10px;--awb-border-radius-bottom-right:10px;--awb-border-radius-bottom-left:10px;--awb-overflow:hidden;--awb-padding-top:50px;--awb-padding-bottom:50px;--awb-margin-bottom:60px;--awb-margin-bottom-small:40px;--awb-background-color:#f1f0f7;--awb-flex-wrap:wrap;\" ><div class=\"fusion-builder-row fusion-row fusion-flex-align-items-flex-start fusion-flex-content-wrap\" style=\"max-width:1468.8px;margin-left: calc(-2% \/ 2 );margin-right: calc(-2% \/ 2 );\"><div class=\"fusion-layout-column fusion_builder_column fusion-builder-column-4 fusion_builder_column_1_4 1_4 fusion-flex-column\" style=\"--awb-padding-top:90px;--awb-padding-top-small:0px;--awb-bg-size:cover;--awb-width-large:25%;--awb-margin-top-large:0px;--awb-spacing-right-large:3.92%;--awb-margin-bottom-large:20px;--awb-spacing-left-large:3.92%;--awb-width-medium:25%;--awb-order-medium:0;--awb-spacing-right-medium:3.92%;--awb-spacing-left-medium:3.92%;--awb-width-small:100%;--awb-order-small:0;--awb-spacing-right-small:0.98%;--awb-spacing-left-small:0.98%;\"><div class=\"fusion-column-wrapper fusion-column-has-shadow fusion-flex-justify-content-flex-start fusion-content-layout-column\"><div class=\"fusion-image-element sm-text-align-center\" style=\"text-align:right;--awb-max-width:50%;--awb-caption-title-font-family:var(--h2_typography-font-family);--awb-caption-title-font-weight:var(--h2_typography-font-weight);--awb-caption-title-font-style:var(--h2_typography-font-style);--awb-caption-title-size:var(--h2_typography-font-size);--awb-caption-title-transform:var(--h2_typography-text-transform);--awb-caption-title-line-height:var(--h2_typography-line-height);--awb-caption-title-letter-spacing:var(--h2_typography-letter-spacing);\"><span class=\" fusion-imageframe imageframe-none imageframe-2 hover-type-none\" style=\"border-radius:100%;\"><img decoding=\"async\" width=\"230\" height=\"230\" title=\"Fr\u00e9d\u00e9ric Camuset\" src=\"https:\/\/www.eramet.com\/wp-content\/uploads\/2023\/05\/Frederic-Camuset.jpg\" data-orig-src=\"https:\/\/www.eramet.com\/wp-content\/uploads\/2023\/05\/Frederic-Camuset.jpg\" alt class=\"lazyload img-responsive wp-image-34750\" srcset=\"data:image\/svg+xml,%3Csvg%20xmlns%3D%27http%3A%2F%2Fwww.w3.org%2F2000%2Fsvg%27%20width%3D%27230%27%20height%3D%27230%27%20viewBox%3D%270%200%20230%20230%27%3E%3Crect%20width%3D%27230%27%20height%3D%27230%27%20fill-opacity%3D%220%22%2F%3E%3C%2Fsvg%3E\" data-srcset=\"https:\/\/www.eramet.com\/wp-content\/uploads\/2023\/05\/Frederic-Camuset-200x200.jpg 200w, https:\/\/www.eramet.com\/wp-content\/uploads\/2023\/05\/Frederic-Camuset.jpg 230w\" data-sizes=\"auto\" data-orig-sizes=\"(max-width: 640px) 100vw, 230px\" \/><\/span><\/div><div class=\"fusion-text fusion-text-3 sm-text-align-center\" style=\"--awb-content-alignment:right;--awb-margin-top:10px;\"><p><strong>Fr\u00e9d\u00e9ric Camuset<\/strong><br \/>\nDirecteur S\u00e9curit\u00e9 et Pr\u00e9vention Groupe<\/p>\n<\/div><\/div><\/div><div class=\"fusion-layout-column fusion_builder_column fusion-builder-column-5 fusion_builder_column_1_2 1_2 fusion-flex-column\" style=\"--awb-bg-size:cover;--awb-width-large:50%;--awb-margin-top-large:0px;--awb-spacing-right-large:1.96%;--awb-margin-bottom-large:0px;--awb-spacing-left-large:1.96%;--awb-width-medium:50%;--awb-order-medium:0;--awb-spacing-right-medium:1.96%;--awb-spacing-left-medium:1.96%;--awb-width-small:100%;--awb-order-small:0;--awb-spacing-right-small:0.98%;--awb-spacing-left-small:0.98%;\"><div class=\"fusion-column-wrapper fusion-column-has-shadow fusion-flex-justify-content-flex-start fusion-content-layout-column\"><div class=\"fusion-text fusion-text-4 fusion-text-no-margin\"><blockquote>\n<p>S\u00e9curiser les d\u00e9placements \u00e0 bord de nos v\u00e9hicules est vital : bien s\u00fbr, pour la s\u00e9curit\u00e9 et la sant\u00e9 des collaborateurs, mais aussi pour mener \u00e0 bien nos op\u00e9rations. Le v\u00e9hicule est un poste de travail comme un autre ! Il faut l\u2019utiliser de mani\u00e8re responsable pour sa s\u00e9curit\u00e9 et celle des autres, en prendre soin et le contr\u00f4ler r\u00e9guli\u00e8rement. Nous d\u00e9ployons des moyens cons\u00e9quents pour diminuer au maximum le risque routier \u2013 nos bons r\u00e9sultats en mati\u00e8re de s\u00e9curit\u00e9 les prouvent en nous pla\u00e7ant parmi les meilleurs de notre secteur. Nous comptons encore aller plus loin pour garantir que nos collaborateurs rentrent chez eux en parfaite sant\u00e9.<\/p>\n<\/blockquote>\n<\/div><\/div><\/div><\/div><\/div><\/p>\n","protected":false},"excerpt":{"rendered":"","protected":false},"author":3,"featured_media":34745,"comment_status":"closed","ping_status":"closed","sticky":false,"template":"","format":"standard","meta":{"_acf_changed":false,"inline_featured_image":false,"footnotes":""},"categories":[32,33],"tags":[149],"class_list":["post-34742","post","type-post","status-publish","format-standard","has-post-thumbnail","hentry","category-groupe","category-rh","tag-securite","nature-actualite"],"acf":[],"yoast_head":"<!-- This site is optimized with the Yoast SEO plugin v25.3.1 - https:\/\/yoast.com\/wordpress\/plugins\/seo\/ -->\n<title>Journ\u00e9e mondiale de la S\u00e9curit\u00e9 : Eramet se mobilise pour pr\u00e9venir les risques routiers - 28 avril 2023 - News - Eramet<\/title>\n<meta name=\"robots\" content=\"index, follow, max-snippet:-1, max-image-preview:large, max-video-preview:-1\" \/>\n<link rel=\"canonical\" href=\"https:\/\/www.eramet.com\/fr\/news\/journee-mondiale-de-la-securite-eramet-se-mobilise-pour-prevenir-les-risques-routiers\/\" \/>\n<meta property=\"og:locale\" content=\"fr_FR\" \/>\n<meta property=\"og:type\" content=\"article\" \/>\n<meta property=\"og:title\" content=\"Journ\u00e9e mondiale de la S\u00e9curit\u00e9 : Eramet se mobilise pour pr\u00e9venir les risques routiers - 28 avril 2023 - News - Eramet\" \/>\n<meta property=\"og:url\" content=\"https:\/\/www.eramet.com\/fr\/news\/journee-mondiale-de-la-securite-eramet-se-mobilise-pour-prevenir-les-risques-routiers\/\" \/>\n<meta property=\"og:site_name\" content=\"Eramet\" \/>\n<meta property=\"article:publisher\" content=\"https:\/\/www.facebook.com\/Erametgroupe\/\" \/>\n<meta property=\"article:published_time\" content=\"2023-04-28T10:00:51+00:00\" \/>\n<meta property=\"article:modified_time\" content=\"2024-01-23T13:33:06+00:00\" \/>\n<meta property=\"og:image\" content=\"https:\/\/www.eramet.com\/wp-content\/uploads\/2023\/05\/2023-04-28-Journee-mondiale-de-la-Securite-Eramet-se-mobilise-pour-prevenir-les-risques-routiers.jpg\" \/>\n\t<meta property=\"og:image:width\" content=\"1920\" \/>\n\t<meta property=\"og:image:height\" content=\"1080\" \/>\n\t<meta property=\"og:image:type\" content=\"image\/jpeg\" \/>\n<meta name=\"author\" content=\"Webmaster Eramet\" \/>\n<meta name=\"twitter:card\" content=\"summary_large_image\" \/>\n<meta name=\"twitter:creator\" content=\"@GroupeEramet\" \/>\n<meta name=\"twitter:site\" content=\"@GroupeEramet\" \/>\n<meta name=\"twitter:label1\" content=\"\u00c9crit par\" \/>\n\t<meta name=\"twitter:data1\" content=\"Webmaster Eramet\" \/>\n\t<meta name=\"twitter:label2\" content=\"Dur\u00e9e de lecture estim\u00e9e\" \/>\n\t<meta name=\"twitter:data2\" content=\"3 minutes\" \/>\n<script type=\"application\/ld+json\" class=\"yoast-schema-graph\">{\"@context\":\"https:\/\/schema.org\",\"@graph\":[{\"@type\":\"Article\",\"@id\":\"https:\/\/www.eramet.com\/fr\/news\/journee-mondiale-de-la-securite-eramet-se-mobilise-pour-prevenir-les-risques-routiers\/#article\",\"isPartOf\":{\"@id\":\"https:\/\/www.eramet.com\/fr\/news\/journee-mondiale-de-la-securite-eramet-se-mobilise-pour-prevenir-les-risques-routiers\/\"},\"author\":{\"name\":\"Webmaster Eramet\",\"@id\":\"https:\/\/www.eramet.com\/fr\/#\/schema\/person\/83a0ed8eea67db99b6bcbc811f35ba32\"},\"headline\":\"Journ\u00e9e mondiale de la S\u00e9curit\u00e9 : Eramet se mobilise pour pr\u00e9venir les risques routiers\",\"datePublished\":\"2023-04-28T10:00:51+00:00\",\"dateModified\":\"2024-01-23T13:33:06+00:00\",\"mainEntityOfPage\":{\"@id\":\"https:\/\/www.eramet.com\/fr\/news\/journee-mondiale-de-la-securite-eramet-se-mobilise-pour-prevenir-les-risques-routiers\/\"},\"wordCount\":1953,\"publisher\":{\"@id\":\"https:\/\/www.eramet.com\/fr\/#organization\"},\"image\":{\"@id\":\"https:\/\/www.eramet.com\/fr\/news\/journee-mondiale-de-la-securite-eramet-se-mobilise-pour-prevenir-les-risques-routiers\/#primaryimage\"},\"thumbnailUrl\":\"https:\/\/www.eramet.com\/wp-content\/uploads\/2023\/05\/2023-04-28-Journee-mondiale-de-la-Securite-Eramet-se-mobilise-pour-prevenir-les-risques-routiers.jpg\",\"keywords\":[\"S\u00e9curit\u00e9\"],\"articleSection\":[\"Groupe\",\"RH\"],\"inLanguage\":\"fr-FR\"},{\"@type\":\"WebPage\",\"@id\":\"https:\/\/www.eramet.com\/fr\/news\/journee-mondiale-de-la-securite-eramet-se-mobilise-pour-prevenir-les-risques-routiers\/\",\"url\":\"https:\/\/www.eramet.com\/fr\/news\/journee-mondiale-de-la-securite-eramet-se-mobilise-pour-prevenir-les-risques-routiers\/\",\"name\":\"Journ\u00e9e mondiale de la S\u00e9curit\u00e9 : Eramet se mobilise pour pr\u00e9venir les risques routiers - 28 avril 2023 - News - Eramet\",\"isPartOf\":{\"@id\":\"https:\/\/www.eramet.com\/fr\/#website\"},\"primaryImageOfPage\":{\"@id\":\"https:\/\/www.eramet.com\/fr\/news\/journee-mondiale-de-la-securite-eramet-se-mobilise-pour-prevenir-les-risques-routiers\/#primaryimage\"},\"image\":{\"@id\":\"https:\/\/www.eramet.com\/fr\/news\/journee-mondiale-de-la-securite-eramet-se-mobilise-pour-prevenir-les-risques-routiers\/#primaryimage\"},\"thumbnailUrl\":\"https:\/\/www.eramet.com\/wp-content\/uploads\/2023\/05\/2023-04-28-Journee-mondiale-de-la-Securite-Eramet-se-mobilise-pour-prevenir-les-risques-routiers.jpg\",\"datePublished\":\"2023-04-28T10:00:51+00:00\",\"dateModified\":\"2024-01-23T13:33:06+00:00\",\"breadcrumb\":{\"@id\":\"https:\/\/www.eramet.com\/fr\/news\/journee-mondiale-de-la-securite-eramet-se-mobilise-pour-prevenir-les-risques-routiers\/#breadcrumb\"},\"inLanguage\":\"fr-FR\",\"potentialAction\":[{\"@type\":\"ReadAction\",\"target\":[\"https:\/\/www.eramet.com\/fr\/news\/journee-mondiale-de-la-securite-eramet-se-mobilise-pour-prevenir-les-risques-routiers\/\"]}]},{\"@type\":\"ImageObject\",\"inLanguage\":\"fr-FR\",\"@id\":\"https:\/\/www.eramet.com\/fr\/news\/journee-mondiale-de-la-securite-eramet-se-mobilise-pour-prevenir-les-risques-routiers\/#primaryimage\",\"url\":\"https:\/\/www.eramet.com\/wp-content\/uploads\/2023\/05\/2023-04-28-Journee-mondiale-de-la-Securite-Eramet-se-mobilise-pour-prevenir-les-risques-routiers.jpg\",\"contentUrl\":\"https:\/\/www.eramet.com\/wp-content\/uploads\/2023\/05\/2023-04-28-Journee-mondiale-de-la-Securite-Eramet-se-mobilise-pour-prevenir-les-risques-routiers.jpg\",\"width\":1920,\"height\":1080},{\"@type\":\"BreadcrumbList\",\"@id\":\"https:\/\/www.eramet.com\/fr\/news\/journee-mondiale-de-la-securite-eramet-se-mobilise-pour-prevenir-les-risques-routiers\/#breadcrumb\",\"itemListElement\":[{\"@type\":\"ListItem\",\"position\":1,\"name\":\"Eramet\",\"item\":\"https:\/\/www.eramet.com\/fr\/\"},{\"@type\":\"ListItem\",\"position\":2,\"name\":\"Journ\u00e9e mondiale de la S\u00e9curit\u00e9 : Eramet se mobilise pour pr\u00e9venir les risques routiers\"}]},{\"@type\":\"WebSite\",\"@id\":\"https:\/\/www.eramet.com\/fr\/#website\",\"url\":\"https:\/\/www.eramet.com\/fr\/\",\"name\":\"Eramet\",\"description\":\"Committed to sustainable metals\",\"publisher\":{\"@id\":\"https:\/\/www.eramet.com\/fr\/#organization\"},\"potentialAction\":[{\"@type\":\"SearchAction\",\"target\":{\"@type\":\"EntryPoint\",\"urlTemplate\":\"https:\/\/www.eramet.com\/fr\/?s={search_term_string}\"},\"query-input\":{\"@type\":\"PropertyValueSpecification\",\"valueRequired\":true,\"valueName\":\"search_term_string\"}}],\"inLanguage\":\"fr-FR\"},{\"@type\":\"Organization\",\"@id\":\"https:\/\/www.eramet.com\/fr\/#organization\",\"name\":\"Eramet\",\"url\":\"https:\/\/www.eramet.com\/fr\/\",\"logo\":{\"@type\":\"ImageObject\",\"inLanguage\":\"fr-FR\",\"@id\":\"https:\/\/www.eramet.com\/fr\/#\/schema\/logo\/image\/\",\"url\":\"https:\/\/www.eramet.com\/wp-content\/uploads\/2023\/07\/Eramet-logo.png\",\"contentUrl\":\"https:\/\/www.eramet.com\/wp-content\/uploads\/2023\/07\/Eramet-logo.png\",\"width\":800,\"height\":316,\"caption\":\"Eramet\"},\"image\":{\"@id\":\"https:\/\/www.eramet.com\/fr\/#\/schema\/logo\/image\/\"},\"sameAs\":[\"https:\/\/www.facebook.com\/Erametgroupe\/\",\"https:\/\/x.com\/GroupeEramet\",\"https:\/\/www.linkedin.com\/company\/163668\",\"https:\/\/www.youtube.com\/channel\/UClYCNuDEwBjXD-njglf9UaQ\"]},{\"@type\":\"Person\",\"@id\":\"https:\/\/www.eramet.com\/fr\/#\/schema\/person\/83a0ed8eea67db99b6bcbc811f35ba32\",\"name\":\"Webmaster Eramet\"}]}<\/script>\n<!-- \/ Yoast SEO plugin. -->","yoast_head_json":{"title":"Journ\u00e9e mondiale de la S\u00e9curit\u00e9 : Eramet se mobilise pour pr\u00e9venir les risques routiers - 28 avril 2023 - News - Eramet","robots":{"index":"index","follow":"follow","max-snippet":"max-snippet:-1","max-image-preview":"max-image-preview:large","max-video-preview":"max-video-preview:-1"},"canonical":"https:\/\/www.eramet.com\/fr\/news\/journee-mondiale-de-la-securite-eramet-se-mobilise-pour-prevenir-les-risques-routiers\/","og_locale":"fr_FR","og_type":"article","og_title":"Journ\u00e9e mondiale de la S\u00e9curit\u00e9 : Eramet se mobilise pour pr\u00e9venir les risques routiers - 28 avril 2023 - News - Eramet","og_url":"https:\/\/www.eramet.com\/fr\/news\/journee-mondiale-de-la-securite-eramet-se-mobilise-pour-prevenir-les-risques-routiers\/","og_site_name":"Eramet","article_publisher":"https:\/\/www.facebook.com\/Erametgroupe\/","article_published_time":"2023-04-28T10:00:51+00:00","article_modified_time":"2024-01-23T13:33:06+00:00","og_image":[{"width":1920,"height":1080,"url":"https:\/\/www.eramet.com\/wp-content\/uploads\/2023\/05\/2023-04-28-Journee-mondiale-de-la-Securite-Eramet-se-mobilise-pour-prevenir-les-risques-routiers.jpg","type":"image\/jpeg"}],"author":"Webmaster Eramet","twitter_card":"summary_large_image","twitter_creator":"@GroupeEramet","twitter_site":"@GroupeEramet","twitter_misc":{"\u00c9crit par":"Webmaster Eramet","Dur\u00e9e de lecture estim\u00e9e":"3 minutes"},"schema":{"@context":"https:\/\/schema.org","@graph":[{"@type":"Article","@id":"https:\/\/www.eramet.com\/fr\/news\/journee-mondiale-de-la-securite-eramet-se-mobilise-pour-prevenir-les-risques-routiers\/#article","isPartOf":{"@id":"https:\/\/www.eramet.com\/fr\/news\/journee-mondiale-de-la-securite-eramet-se-mobilise-pour-prevenir-les-risques-routiers\/"},"author":{"name":"Webmaster Eramet","@id":"https:\/\/www.eramet.com\/fr\/#\/schema\/person\/83a0ed8eea67db99b6bcbc811f35ba32"},"headline":"Journ\u00e9e mondiale de la S\u00e9curit\u00e9 : Eramet se mobilise pour pr\u00e9venir les risques routiers","datePublished":"2023-04-28T10:00:51+00:00","dateModified":"2024-01-23T13:33:06+00:00","mainEntityOfPage":{"@id":"https:\/\/www.eramet.com\/fr\/news\/journee-mondiale-de-la-securite-eramet-se-mobilise-pour-prevenir-les-risques-routiers\/"},"wordCount":1953,"publisher":{"@id":"https:\/\/www.eramet.com\/fr\/#organization"},"image":{"@id":"https:\/\/www.eramet.com\/fr\/news\/journee-mondiale-de-la-securite-eramet-se-mobilise-pour-prevenir-les-risques-routiers\/#primaryimage"},"thumbnailUrl":"https:\/\/www.eramet.com\/wp-content\/uploads\/2023\/05\/2023-04-28-Journee-mondiale-de-la-Securite-Eramet-se-mobilise-pour-prevenir-les-risques-routiers.jpg","keywords":["S\u00e9curit\u00e9"],"articleSection":["Groupe","RH"],"inLanguage":"fr-FR"},{"@type":"WebPage","@id":"https:\/\/www.eramet.com\/fr\/news\/journee-mondiale-de-la-securite-eramet-se-mobilise-pour-prevenir-les-risques-routiers\/","url":"https:\/\/www.eramet.com\/fr\/news\/journee-mondiale-de-la-securite-eramet-se-mobilise-pour-prevenir-les-risques-routiers\/","name":"Journ\u00e9e mondiale de la S\u00e9curit\u00e9 : Eramet se mobilise pour pr\u00e9venir les risques routiers - 28 avril 2023 - News - Eramet","isPartOf":{"@id":"https:\/\/www.eramet.com\/fr\/#website"},"primaryImageOfPage":{"@id":"https:\/\/www.eramet.com\/fr\/news\/journee-mondiale-de-la-securite-eramet-se-mobilise-pour-prevenir-les-risques-routiers\/#primaryimage"},"image":{"@id":"https:\/\/www.eramet.com\/fr\/news\/journee-mondiale-de-la-securite-eramet-se-mobilise-pour-prevenir-les-risques-routiers\/#primaryimage"},"thumbnailUrl":"https:\/\/www.eramet.com\/wp-content\/uploads\/2023\/05\/2023-04-28-Journee-mondiale-de-la-Securite-Eramet-se-mobilise-pour-prevenir-les-risques-routiers.jpg","datePublished":"2023-04-28T10:00:51+00:00","dateModified":"2024-01-23T13:33:06+00:00","breadcrumb":{"@id":"https:\/\/www.eramet.com\/fr\/news\/journee-mondiale-de-la-securite-eramet-se-mobilise-pour-prevenir-les-risques-routiers\/#breadcrumb"},"inLanguage":"fr-FR","potentialAction":[{"@type":"ReadAction","target":["https:\/\/www.eramet.com\/fr\/news\/journee-mondiale-de-la-securite-eramet-se-mobilise-pour-prevenir-les-risques-routiers\/"]}]},{"@type":"ImageObject","inLanguage":"fr-FR","@id":"https:\/\/www.eramet.com\/fr\/news\/journee-mondiale-de-la-securite-eramet-se-mobilise-pour-prevenir-les-risques-routiers\/#primaryimage","url":"https:\/\/www.eramet.com\/wp-content\/uploads\/2023\/05\/2023-04-28-Journee-mondiale-de-la-Securite-Eramet-se-mobilise-pour-prevenir-les-risques-routiers.jpg","contentUrl":"https:\/\/www.eramet.com\/wp-content\/uploads\/2023\/05\/2023-04-28-Journee-mondiale-de-la-Securite-Eramet-se-mobilise-pour-prevenir-les-risques-routiers.jpg","width":1920,"height":1080},{"@type":"BreadcrumbList","@id":"https:\/\/www.eramet.com\/fr\/news\/journee-mondiale-de-la-securite-eramet-se-mobilise-pour-prevenir-les-risques-routiers\/#breadcrumb","itemListElement":[{"@type":"ListItem","position":1,"name":"Eramet","item":"https:\/\/www.eramet.com\/fr\/"},{"@type":"ListItem","position":2,"name":"Journ\u00e9e mondiale de la S\u00e9curit\u00e9 : Eramet se mobilise pour pr\u00e9venir les risques routiers"}]},{"@type":"WebSite","@id":"https:\/\/www.eramet.com\/fr\/#website","url":"https:\/\/www.eramet.com\/fr\/","name":"Eramet","description":"Committed to sustainable metals","publisher":{"@id":"https:\/\/www.eramet.com\/fr\/#organization"},"potentialAction":[{"@type":"SearchAction","target":{"@type":"EntryPoint","urlTemplate":"https:\/\/www.eramet.com\/fr\/?s={search_term_string}"},"query-input":{"@type":"PropertyValueSpecification","valueRequired":true,"valueName":"search_term_string"}}],"inLanguage":"fr-FR"},{"@type":"Organization","@id":"https:\/\/www.eramet.com\/fr\/#organization","name":"Eramet","url":"https:\/\/www.eramet.com\/fr\/","logo":{"@type":"ImageObject","inLanguage":"fr-FR","@id":"https:\/\/www.eramet.com\/fr\/#\/schema\/logo\/image\/","url":"https:\/\/www.eramet.com\/wp-content\/uploads\/2023\/07\/Eramet-logo.png","contentUrl":"https:\/\/www.eramet.com\/wp-content\/uploads\/2023\/07\/Eramet-logo.png","width":800,"height":316,"caption":"Eramet"},"image":{"@id":"https:\/\/www.eramet.com\/fr\/#\/schema\/logo\/image\/"},"sameAs":["https:\/\/www.facebook.com\/Erametgroupe\/","https:\/\/x.com\/GroupeEramet","https:\/\/www.linkedin.com\/company\/163668","https:\/\/www.youtube.com\/channel\/UClYCNuDEwBjXD-njglf9UaQ"]},{"@type":"Person","@id":"https:\/\/www.eramet.com\/fr\/#\/schema\/person\/83a0ed8eea67db99b6bcbc811f35ba32","name":"Webmaster Eramet"}]}},"_links":{"self":[{"href":"https:\/\/www.eramet.com\/fr\/wp-json\/wp\/v2\/posts\/34742","targetHints":{"allow":["GET"]}}],"collection":[{"href":"https:\/\/www.eramet.com\/fr\/wp-json\/wp\/v2\/posts"}],"about":[{"href":"https:\/\/www.eramet.com\/fr\/wp-json\/wp\/v2\/types\/post"}],"author":[{"embeddable":true,"href":"https:\/\/www.eramet.com\/fr\/wp-json\/wp\/v2\/users\/3"}],"replies":[{"embeddable":true,"href":"https:\/\/www.eramet.com\/fr\/wp-json\/wp\/v2\/comments?post=34742"}],"version-history":[{"count":3,"href":"https:\/\/www.eramet.com\/fr\/wp-json\/wp\/v2\/posts\/34742\/revisions"}],"predecessor-version":[{"id":45055,"href":"https:\/\/www.eramet.com\/fr\/wp-json\/wp\/v2\/posts\/34742\/revisions\/45055"}],"wp:featuredmedia":[{"embeddable":true,"href":"https:\/\/www.eramet.com\/fr\/wp-json\/wp\/v2\/media\/34745"}],"wp:attachment":[{"href":"https:\/\/www.eramet.com\/fr\/wp-json\/wp\/v2\/media?parent=34742"}],"wp:term":[{"taxonomy":"category","embeddable":true,"href":"https:\/\/www.eramet.com\/fr\/wp-json\/wp\/v2\/categories?post=34742"},{"taxonomy":"post_tag","embeddable":true,"href":"https:\/\/www.eramet.com\/fr\/wp-json\/wp\/v2\/tags?post=34742"}],"curies":[{"name":"wp","href":"https:\/\/api.w.org\/{rel}","templated":true}]}}