{"id":31101,"date":"2015-01-23T12:00:00","date_gmt":"2015-01-23T11:00:00","guid":{"rendered":"https:\/\/www.eramet.com\/non-classifiee\/lancement-du-projet-de-valorisation-de-titane-ecotitanium\/"},"modified":"2023-04-13T23:54:06","modified_gmt":"2023-04-13T21:54:06","slug":"lancement-du-projet-de-valorisation-de-titane-ecotitanium","status":"publish","type":"post","link":"https:\/\/www.eramet.com\/fr\/news\/lancement-du-projet-de-valorisation-de-titane-ecotitanium\/","title":{"rendered":"Lancement du projet de valorisation de titane EcoTitanium"},"content":{"rendered":"<div class=\"import2023\">\n<div class=\"chapo\">\n<p>Le 17 d\u00e9cembre 2014, les trois actionnaires d\u2019EcoTitanium, parmi lesquels l\u2019une des filiales du Groupe ERAMET, ont sign\u00e9 l\u2019accord de lancement de ce projet. Celui-ci a pour ambition de construire et d\u2019exploiter la premi\u00e8re installation europ\u00e9enne de recyclage de titane de qualit\u00e9 a\u00e9ronautique. A terme, il devrait permettre \u00e0 ERAMET de renforcer sa position sur le march\u00e9 du titane.<\/p>\n<\/div>\n<div  >\n<p><img class=\"lazyload\" decoding=\"async\" alt=\"\" src=\"data:image\/svg+xml,%3Csvg%20xmlns%3D%27http%3A%2F%2Fwww.w3.org%2F2000%2Fsvg%27%20width%3D%27524%27%20height%3D%27256%27%20viewBox%3D%270%200%20524%20256%27%3E%3Crect%20width%3D%27524%27%20height%3D%27256%27%20fill-opacity%3D%220%22%2F%3E%3C%2Fsvg%3E\" data-orig-src=\"https:\/\/www.eramet.com\/wp-content\/uploads\/2023\/03\/eramet.com_breve_lancement_projet_ecotitanium_23janvier15_1.jpg\" \/><\/p>\n<p>Avec une usine bas\u00e9e en Auvergne (France), EcoTitanium permettra \u00e0 l\u2019industrie a\u00e9ronautique de disposer d\u2019une nouvelle voie pour se fournir en titane et ainsi mieux ma\u00eetriser son approvisionnement vis-\u00e0-vis de cette mati\u00e8re premi\u00e8re strat\u00e9gique pour la fili\u00e8re.<\/p>\n<p>Trois actionnaires sont impliqu\u00e9s dans ce projet :<\/p>\n<ul>\n<li>\n<a href=\"http:\/\/www.ukadforge.com\/about-us\/facility\/\" target=\"_blank\" rel=\"noopener\">UKAD<\/a>, porteur industriel du projet, avec\u00a0 43,5 % du capital ;<\/li>\n<li>l\u2019Etat fran\u00e7ais, par l\u2019interm\u00e9diaire de l\u2019<a href=\"http:\/\/www.ademe.fr\/connaitre\/presentation\/contexte\" target=\"_blank\" rel=\"noopener\">Agence de l\u2019Environnement et de la Ma\u00eetrise de l\u2019Energie (ADEME)<\/a>, avec 41,3 % du capital et un financement public effectu\u00e9 dans le cadre du Programme d\u2019Investissements d\u2019Avenir ;<\/li>\n<li>le Cr\u00e9dit Agricole Centre France avec 15,2 % du capital.<\/li>\n<\/ul>\n<p>La participation du Groupe ERAMET \u00e0 ce projet s\u2019inscrit dans la continuit\u00e9 d\u2019un partenariat entre sa filiale <a href=\"https:\/\/www.aubertduval.com\/fr\/marches\/aeronautique\/filiere-integree-pour-le-traitement-du-titane\/ecotitanium\/\" target=\"_blank\" rel=\"noopener\">Aubert &#038; Duval<\/a>, sp\u00e9cialiste de la m\u00e9tallurgie haut de gamme, et la soci\u00e9t\u00e9 kazakhe UKTMP, l\u2019un des leaders mondiaux de la fabrication d\u2019\u00e9ponge de titane. Celles-ci exploitent en effet depuis 2011, en Auvergne (France), une usine de forgeage de titane \u00e0 travers leur soci\u00e9t\u00e9 commune <a href=\"http:\/\/www.ukadforge.com\/about-us\/facility\/\" target=\"_blank\" rel=\"noopener\">UKAD<\/a>.<\/p>\n<p>EcoTitanium repr\u00e9sente un enjeu important pour Aubert &#038; Duval et le Groupe ERAMET. Il leur permettra en effet de d\u00e9velopper de nouveaux march\u00e9s et d\u2019acqu\u00e9rir des comp\u00e9tences dans le recyclage du titane et d\u2019autres m\u00e9taux nobles avec l\u2019exploitation de technologies de pointe. Avec la mise en \u0153uvre de ce projet, c\u2019est par ailleurs un ensemble totalement int\u00e9gr\u00e9 qui devrait voir le jour pour le Groupe, de l\u2019extraction du minerai de titane \u00e0 la fourniture de pi\u00e8ces pr\u00e9-usin\u00e9es, en passant par le recyclage des chutes g\u00e9n\u00e9r\u00e9es tout au long du proc\u00e9d\u00e9 de fabrication.<\/p>\n<\/p><\/div>\n<\/div>\n","protected":false},"excerpt":{"rendered":"<p>Le 17 d\u00e9cembre 2014, les trois actionnaires d\u2019EcoTitanium, parmi lesquels l\u2019une des filiales du Groupe ERAMET, ont sign\u00e9 l\u2019accord de [&hellip;]<\/p>\n","protected":false},"author":1,"featured_media":9801,"comment_status":"open","ping_status":"open","sticky":false,"template":"","format":"standard","meta":{"_acf_changed":false,"inline_featured_image":false,"footnotes":""},"categories":[32],"tags":[],"class_list":["post-31101","post","type-post","status-publish","format-standard","has-post-thumbnail","hentry","category-groupe","nature-actualite"],"acf":[],"yoast_head":"<!-- This site is optimized with the Yoast SEO plugin v25.3.1 - https:\/\/yoast.com\/wordpress\/plugins\/seo\/ -->\n<title>Lancement du projet de valorisation de titane EcoTitanium - 23 janvier 2015 - News - Eramet<\/title>\n<meta name=\"robots\" content=\"index, follow, max-snippet:-1, max-image-preview:large, max-video-preview:-1\" \/>\n<link rel=\"canonical\" href=\"https:\/\/www.eramet.com\/fr\/news\/lancement-du-projet-de-valorisation-de-titane-ecotitanium\/\" \/>\n<meta property=\"og:locale\" content=\"fr_FR\" \/>\n<meta property=\"og:type\" content=\"article\" \/>\n<meta property=\"og:title\" content=\"Lancement du projet de valorisation de titane EcoTitanium - 23 janvier 2015 - News - Eramet\" \/>\n<meta property=\"og:description\" content=\"Le 17 d\u00e9cembre 2014, les trois actionnaires d\u2019EcoTitanium, parmi lesquels l\u2019une des filiales du Groupe ERAMET, ont sign\u00e9 l\u2019accord de [&hellip;]\" \/>\n<meta property=\"og:url\" content=\"https:\/\/www.eramet.com\/fr\/news\/lancement-du-projet-de-valorisation-de-titane-ecotitanium\/\" \/>\n<meta property=\"og:site_name\" content=\"Eramet\" \/>\n<meta property=\"article:publisher\" content=\"https:\/\/www.facebook.com\/Erametgroupe\/\" \/>\n<meta property=\"article:published_time\" content=\"2015-01-23T11:00:00+00:00\" \/>\n<meta property=\"article:modified_time\" content=\"2023-04-13T21:54:06+00:00\" \/>\n<meta property=\"og:image\" content=\"https:\/\/www.eramet.com\/wp-content\/uploads\/2023\/03\/eramet.com_breve_lancement_projet_ecotitanium_23janvier15_1.jpg\" \/>\n\t<meta property=\"og:image:width\" content=\"524\" \/>\n\t<meta property=\"og:image:height\" content=\"256\" \/>\n\t<meta property=\"og:image:type\" content=\"image\/jpeg\" \/>\n<meta name=\"author\" content=\"register\" \/>\n<meta name=\"twitter:card\" content=\"summary_large_image\" \/>\n<meta name=\"twitter:creator\" content=\"@GroupeEramet\" \/>\n<meta name=\"twitter:site\" content=\"@GroupeEramet\" \/>\n<meta name=\"twitter:label1\" content=\"\u00c9crit par\" \/>\n\t<meta name=\"twitter:data1\" content=\"register\" \/>\n\t<meta name=\"twitter:label2\" content=\"Dur\u00e9e de lecture estim\u00e9e\" \/>\n\t<meta name=\"twitter:data2\" content=\"2 minutes\" \/>\n<script type=\"application\/ld+json\" class=\"yoast-schema-graph\">{\"@context\":\"https:\/\/schema.org\",\"@graph\":[{\"@type\":\"Article\",\"@id\":\"https:\/\/www.eramet.com\/fr\/news\/lancement-du-projet-de-valorisation-de-titane-ecotitanium\/#article\",\"isPartOf\":{\"@id\":\"https:\/\/www.eramet.com\/fr\/news\/lancement-du-projet-de-valorisation-de-titane-ecotitanium\/\"},\"author\":{\"name\":\"register\",\"@id\":\"https:\/\/www.eramet.com\/fr\/#\/schema\/person\/a42677aae3dfc685f7407ca3f789f14a\"},\"headline\":\"Lancement du projet de valorisation de titane EcoTitanium\",\"datePublished\":\"2015-01-23T11:00:00+00:00\",\"dateModified\":\"2023-04-13T21:54:06+00:00\",\"mainEntityOfPage\":{\"@id\":\"https:\/\/www.eramet.com\/fr\/news\/lancement-du-projet-de-valorisation-de-titane-ecotitanium\/\"},\"wordCount\":359,\"commentCount\":0,\"publisher\":{\"@id\":\"https:\/\/www.eramet.com\/fr\/#organization\"},\"image\":{\"@id\":\"https:\/\/www.eramet.com\/fr\/news\/lancement-du-projet-de-valorisation-de-titane-ecotitanium\/#primaryimage\"},\"thumbnailUrl\":\"https:\/\/www.eramet.com\/wp-content\/uploads\/2023\/03\/eramet.com_breve_lancement_projet_ecotitanium_23janvier15_1.jpg\",\"articleSection\":[\"Groupe\"],\"inLanguage\":\"fr-FR\",\"potentialAction\":[{\"@type\":\"CommentAction\",\"name\":\"Comment\",\"target\":[\"https:\/\/www.eramet.com\/fr\/news\/lancement-du-projet-de-valorisation-de-titane-ecotitanium\/#respond\"]}]},{\"@type\":\"WebPage\",\"@id\":\"https:\/\/www.eramet.com\/fr\/news\/lancement-du-projet-de-valorisation-de-titane-ecotitanium\/\",\"url\":\"https:\/\/www.eramet.com\/fr\/news\/lancement-du-projet-de-valorisation-de-titane-ecotitanium\/\",\"name\":\"Lancement du projet de valorisation de titane EcoTitanium - 23 janvier 2015 - News - Eramet\",\"isPartOf\":{\"@id\":\"https:\/\/www.eramet.com\/fr\/#website\"},\"primaryImageOfPage\":{\"@id\":\"https:\/\/www.eramet.com\/fr\/news\/lancement-du-projet-de-valorisation-de-titane-ecotitanium\/#primaryimage\"},\"image\":{\"@id\":\"https:\/\/www.eramet.com\/fr\/news\/lancement-du-projet-de-valorisation-de-titane-ecotitanium\/#primaryimage\"},\"thumbnailUrl\":\"https:\/\/www.eramet.com\/wp-content\/uploads\/2023\/03\/eramet.com_breve_lancement_projet_ecotitanium_23janvier15_1.jpg\",\"datePublished\":\"2015-01-23T11:00:00+00:00\",\"dateModified\":\"2023-04-13T21:54:06+00:00\",\"breadcrumb\":{\"@id\":\"https:\/\/www.eramet.com\/fr\/news\/lancement-du-projet-de-valorisation-de-titane-ecotitanium\/#breadcrumb\"},\"inLanguage\":\"fr-FR\",\"potentialAction\":[{\"@type\":\"ReadAction\",\"target\":[\"https:\/\/www.eramet.com\/fr\/news\/lancement-du-projet-de-valorisation-de-titane-ecotitanium\/\"]}]},{\"@type\":\"ImageObject\",\"inLanguage\":\"fr-FR\",\"@id\":\"https:\/\/www.eramet.com\/fr\/news\/lancement-du-projet-de-valorisation-de-titane-ecotitanium\/#primaryimage\",\"url\":\"https:\/\/www.eramet.com\/wp-content\/uploads\/2023\/03\/eramet.com_breve_lancement_projet_ecotitanium_23janvier15_1.jpg\",\"contentUrl\":\"https:\/\/www.eramet.com\/wp-content\/uploads\/2023\/03\/eramet.com_breve_lancement_projet_ecotitanium_23janvier15_1.jpg\",\"width\":524,\"height\":256},{\"@type\":\"BreadcrumbList\",\"@id\":\"https:\/\/www.eramet.com\/fr\/news\/lancement-du-projet-de-valorisation-de-titane-ecotitanium\/#breadcrumb\",\"itemListElement\":[{\"@type\":\"ListItem\",\"position\":1,\"name\":\"Eramet\",\"item\":\"https:\/\/www.eramet.com\/fr\/\"},{\"@type\":\"ListItem\",\"position\":2,\"name\":\"Lancement du projet de valorisation de titane EcoTitanium\"}]},{\"@type\":\"WebSite\",\"@id\":\"https:\/\/www.eramet.com\/fr\/#website\",\"url\":\"https:\/\/www.eramet.com\/fr\/\",\"name\":\"Eramet\",\"description\":\"Committed to sustainable metals\",\"publisher\":{\"@id\":\"https:\/\/www.eramet.com\/fr\/#organization\"},\"potentialAction\":[{\"@type\":\"SearchAction\",\"target\":{\"@type\":\"EntryPoint\",\"urlTemplate\":\"https:\/\/www.eramet.com\/fr\/?s={search_term_string}\"},\"query-input\":{\"@type\":\"PropertyValueSpecification\",\"valueRequired\":true,\"valueName\":\"search_term_string\"}}],\"inLanguage\":\"fr-FR\"},{\"@type\":\"Organization\",\"@id\":\"https:\/\/www.eramet.com\/fr\/#organization\",\"name\":\"Eramet\",\"url\":\"https:\/\/www.eramet.com\/fr\/\",\"logo\":{\"@type\":\"ImageObject\",\"inLanguage\":\"fr-FR\",\"@id\":\"https:\/\/www.eramet.com\/fr\/#\/schema\/logo\/image\/\",\"url\":\"https:\/\/www.eramet.com\/wp-content\/uploads\/2023\/07\/Eramet-logo.png\",\"contentUrl\":\"https:\/\/www.eramet.com\/wp-content\/uploads\/2023\/07\/Eramet-logo.png\",\"width\":800,\"height\":316,\"caption\":\"Eramet\"},\"image\":{\"@id\":\"https:\/\/www.eramet.com\/fr\/#\/schema\/logo\/image\/\"},\"sameAs\":[\"https:\/\/www.facebook.com\/Erametgroupe\/\",\"https:\/\/x.com\/GroupeEramet\",\"https:\/\/www.linkedin.com\/company\/163668\",\"https:\/\/www.youtube.com\/channel\/UClYCNuDEwBjXD-njglf9UaQ\"]},{\"@type\":\"Person\",\"@id\":\"https:\/\/www.eramet.com\/fr\/#\/schema\/person\/a42677aae3dfc685f7407ca3f789f14a\",\"name\":\"register\",\"sameAs\":[\"https:\/\/www.eramet.com\"]}]}<\/script>\n<!-- \/ Yoast SEO plugin. -->","yoast_head_json":{"title":"Lancement du projet de valorisation de titane EcoTitanium - 23 janvier 2015 - News - Eramet","robots":{"index":"index","follow":"follow","max-snippet":"max-snippet:-1","max-image-preview":"max-image-preview:large","max-video-preview":"max-video-preview:-1"},"canonical":"https:\/\/www.eramet.com\/fr\/news\/lancement-du-projet-de-valorisation-de-titane-ecotitanium\/","og_locale":"fr_FR","og_type":"article","og_title":"Lancement du projet de valorisation de titane EcoTitanium - 23 janvier 2015 - News - Eramet","og_description":"Le 17 d\u00e9cembre 2014, les trois actionnaires d\u2019EcoTitanium, parmi lesquels l\u2019une des filiales du Groupe ERAMET, ont sign\u00e9 l\u2019accord de [&hellip;]","og_url":"https:\/\/www.eramet.com\/fr\/news\/lancement-du-projet-de-valorisation-de-titane-ecotitanium\/","og_site_name":"Eramet","article_publisher":"https:\/\/www.facebook.com\/Erametgroupe\/","article_published_time":"2015-01-23T11:00:00+00:00","article_modified_time":"2023-04-13T21:54:06+00:00","og_image":[{"width":524,"height":256,"url":"https:\/\/www.eramet.com\/wp-content\/uploads\/2023\/03\/eramet.com_breve_lancement_projet_ecotitanium_23janvier15_1.jpg","type":"image\/jpeg"}],"author":"register","twitter_card":"summary_large_image","twitter_creator":"@GroupeEramet","twitter_site":"@GroupeEramet","twitter_misc":{"\u00c9crit par":"register","Dur\u00e9e de lecture estim\u00e9e":"2 minutes"},"schema":{"@context":"https:\/\/schema.org","@graph":[{"@type":"Article","@id":"https:\/\/www.eramet.com\/fr\/news\/lancement-du-projet-de-valorisation-de-titane-ecotitanium\/#article","isPartOf":{"@id":"https:\/\/www.eramet.com\/fr\/news\/lancement-du-projet-de-valorisation-de-titane-ecotitanium\/"},"author":{"name":"register","@id":"https:\/\/www.eramet.com\/fr\/#\/schema\/person\/a42677aae3dfc685f7407ca3f789f14a"},"headline":"Lancement du projet de valorisation de titane EcoTitanium","datePublished":"2015-01-23T11:00:00+00:00","dateModified":"2023-04-13T21:54:06+00:00","mainEntityOfPage":{"@id":"https:\/\/www.eramet.com\/fr\/news\/lancement-du-projet-de-valorisation-de-titane-ecotitanium\/"},"wordCount":359,"commentCount":0,"publisher":{"@id":"https:\/\/www.eramet.com\/fr\/#organization"},"image":{"@id":"https:\/\/www.eramet.com\/fr\/news\/lancement-du-projet-de-valorisation-de-titane-ecotitanium\/#primaryimage"},"thumbnailUrl":"https:\/\/www.eramet.com\/wp-content\/uploads\/2023\/03\/eramet.com_breve_lancement_projet_ecotitanium_23janvier15_1.jpg","articleSection":["Groupe"],"inLanguage":"fr-FR","potentialAction":[{"@type":"CommentAction","name":"Comment","target":["https:\/\/www.eramet.com\/fr\/news\/lancement-du-projet-de-valorisation-de-titane-ecotitanium\/#respond"]}]},{"@type":"WebPage","@id":"https:\/\/www.eramet.com\/fr\/news\/lancement-du-projet-de-valorisation-de-titane-ecotitanium\/","url":"https:\/\/www.eramet.com\/fr\/news\/lancement-du-projet-de-valorisation-de-titane-ecotitanium\/","name":"Lancement du projet de valorisation de titane EcoTitanium - 23 janvier 2015 - News - Eramet","isPartOf":{"@id":"https:\/\/www.eramet.com\/fr\/#website"},"primaryImageOfPage":{"@id":"https:\/\/www.eramet.com\/fr\/news\/lancement-du-projet-de-valorisation-de-titane-ecotitanium\/#primaryimage"},"image":{"@id":"https:\/\/www.eramet.com\/fr\/news\/lancement-du-projet-de-valorisation-de-titane-ecotitanium\/#primaryimage"},"thumbnailUrl":"https:\/\/www.eramet.com\/wp-content\/uploads\/2023\/03\/eramet.com_breve_lancement_projet_ecotitanium_23janvier15_1.jpg","datePublished":"2015-01-23T11:00:00+00:00","dateModified":"2023-04-13T21:54:06+00:00","breadcrumb":{"@id":"https:\/\/www.eramet.com\/fr\/news\/lancement-du-projet-de-valorisation-de-titane-ecotitanium\/#breadcrumb"},"inLanguage":"fr-FR","potentialAction":[{"@type":"ReadAction","target":["https:\/\/www.eramet.com\/fr\/news\/lancement-du-projet-de-valorisation-de-titane-ecotitanium\/"]}]},{"@type":"ImageObject","inLanguage":"fr-FR","@id":"https:\/\/www.eramet.com\/fr\/news\/lancement-du-projet-de-valorisation-de-titane-ecotitanium\/#primaryimage","url":"https:\/\/www.eramet.com\/wp-content\/uploads\/2023\/03\/eramet.com_breve_lancement_projet_ecotitanium_23janvier15_1.jpg","contentUrl":"https:\/\/www.eramet.com\/wp-content\/uploads\/2023\/03\/eramet.com_breve_lancement_projet_ecotitanium_23janvier15_1.jpg","width":524,"height":256},{"@type":"BreadcrumbList","@id":"https:\/\/www.eramet.com\/fr\/news\/lancement-du-projet-de-valorisation-de-titane-ecotitanium\/#breadcrumb","itemListElement":[{"@type":"ListItem","position":1,"name":"Eramet","item":"https:\/\/www.eramet.com\/fr\/"},{"@type":"ListItem","position":2,"name":"Lancement du projet de valorisation de titane EcoTitanium"}]},{"@type":"WebSite","@id":"https:\/\/www.eramet.com\/fr\/#website","url":"https:\/\/www.eramet.com\/fr\/","name":"Eramet","description":"Committed to sustainable metals","publisher":{"@id":"https:\/\/www.eramet.com\/fr\/#organization"},"potentialAction":[{"@type":"SearchAction","target":{"@type":"EntryPoint","urlTemplate":"https:\/\/www.eramet.com\/fr\/?s={search_term_string}"},"query-input":{"@type":"PropertyValueSpecification","valueRequired":true,"valueName":"search_term_string"}}],"inLanguage":"fr-FR"},{"@type":"Organization","@id":"https:\/\/www.eramet.com\/fr\/#organization","name":"Eramet","url":"https:\/\/www.eramet.com\/fr\/","logo":{"@type":"ImageObject","inLanguage":"fr-FR","@id":"https:\/\/www.eramet.com\/fr\/#\/schema\/logo\/image\/","url":"https:\/\/www.eramet.com\/wp-content\/uploads\/2023\/07\/Eramet-logo.png","contentUrl":"https:\/\/www.eramet.com\/wp-content\/uploads\/2023\/07\/Eramet-logo.png","width":800,"height":316,"caption":"Eramet"},"image":{"@id":"https:\/\/www.eramet.com\/fr\/#\/schema\/logo\/image\/"},"sameAs":["https:\/\/www.facebook.com\/Erametgroupe\/","https:\/\/x.com\/GroupeEramet","https:\/\/www.linkedin.com\/company\/163668","https:\/\/www.youtube.com\/channel\/UClYCNuDEwBjXD-njglf9UaQ"]},{"@type":"Person","@id":"https:\/\/www.eramet.com\/fr\/#\/schema\/person\/a42677aae3dfc685f7407ca3f789f14a","name":"register","sameAs":["https:\/\/www.eramet.com"]}]}},"_links":{"self":[{"href":"https:\/\/www.eramet.com\/fr\/wp-json\/wp\/v2\/posts\/31101","targetHints":{"allow":["GET"]}}],"collection":[{"href":"https:\/\/www.eramet.com\/fr\/wp-json\/wp\/v2\/posts"}],"about":[{"href":"https:\/\/www.eramet.com\/fr\/wp-json\/wp\/v2\/types\/post"}],"author":[{"embeddable":true,"href":"https:\/\/www.eramet.com\/fr\/wp-json\/wp\/v2\/users\/1"}],"replies":[{"embeddable":true,"href":"https:\/\/www.eramet.com\/fr\/wp-json\/wp\/v2\/comments?post=31101"}],"version-history":[{"count":0,"href":"https:\/\/www.eramet.com\/fr\/wp-json\/wp\/v2\/posts\/31101\/revisions"}],"wp:featuredmedia":[{"embeddable":true,"href":"https:\/\/www.eramet.com\/fr\/wp-json\/wp\/v2\/media\/9801"}],"wp:attachment":[{"href":"https:\/\/www.eramet.com\/fr\/wp-json\/wp\/v2\/media?parent=31101"}],"wp:term":[{"taxonomy":"category","embeddable":true,"href":"https:\/\/www.eramet.com\/fr\/wp-json\/wp\/v2\/categories?post=31101"},{"taxonomy":"post_tag","embeddable":true,"href":"https:\/\/www.eramet.com\/fr\/wp-json\/wp\/v2\/tags?post=31101"}],"curies":[{"name":"wp","href":"https:\/\/api.w.org\/{rel}","templated":true}]}}