{"id":30935,"date":"2019-10-30T12:00:00","date_gmt":"2019-10-30T11:00:00","guid":{"rendered":"https:\/\/www.eramet.com\/non-classifiee\/nomination-aux-postes-de-direction-de-gco\/"},"modified":"2023-08-07T14:44:04","modified_gmt":"2023-08-07T12:44:04","slug":"nomination-aux-postes-de-direction-de-gco","status":"publish","type":"post","link":"https:\/\/www.eramet.com\/fr\/news\/nomination-aux-postes-de-direction-de-gco\/","title":{"rendered":"Nomination aux postes de direction de GCO"},"content":{"rendered":"<div class=\"import2023\">\n<div class=\"chapo\">\n<p>Le Conseil d\u2019Administration de GCO vient d\u2019approuver la nomination de Michel Priv\u00e9 comme Directeur G\u00e9n\u00e9ral et de Daour Dieng comme Pr\u00e9sident du Conseil d\u2019administration.<\/p>\n<\/div>\n<div>\n<p>Le 22 octobre dernier, le Conseil d\u2019Administration de Grande C\u00f4te Op\u00e9rations (GCO) a ent\u00e9rin\u00e9 la nomination des personnes suivantes :<\/p>\n<\/div>\n<div>\n<div>\n<p><img class=\"lazyload\" decoding=\"async\" src=\"data:image\/svg+xml,%3Csvg%20xmlns%3D%27http%3A%2F%2Fwww.w3.org%2F2000%2Fsvg%27%20width%3D%27248%27%20height%3D%27339%27%20viewBox%3D%270%200%20248%20339%27%3E%3Crect%20width%3D%27248%27%20height%3D%27339%27%20fill-opacity%3D%220%22%2F%3E%3C%2Fsvg%3E\" data-orig-src=\"https:\/\/www.eramet.com\/wp-content\/uploads\/2023\/03\/PhotoArticle1.jpg\" alt=\"Portrait de Michel Priv\u00e9\" data-modal-img-url=\"https:\/\/www.eramet.com\/wp-content\/uploads\/2023\/03\/PhotoArticle1.jpg\" \/><\/p>\n<p>&nbsp;<\/p>\n<\/div>\n<div>\n<p><strong>Michel Priv\u00e9<\/strong> devient Directeur G\u00e9n\u00e9ral de GCO, \u00e0 Diogo. Il a rejoint la filiale s\u00e9n\u00e9galaise d\u2019Eramet le 1er octobre dernier comme Directeur des Op\u00e9rations.<br \/>\nMichel dispose de plus de 30 ans d\u2019exp\u00e9rience internationale en exploitation mini\u00e8re et a derni\u00e8rement exerc\u00e9 les fonctions de Directeur Technique ArcelorMittal Mining et de Directeur G\u00e9n\u00e9ral d\u2019ArcelorMittal Liberia. Il a pour mission de poursuivre l\u2019exploitation et le d\u00e9veloppement de GCO.<\/p>\n<\/div>\n<\/div>\n<div>\n<div>\n<p><img class=\"lazyload\" decoding=\"async\" src=\"data:image\/svg+xml,%3Csvg%20xmlns%3D%27http%3A%2F%2Fwww.w3.org%2F2000%2Fsvg%27%20width%3D%27245%27%20height%3D%27321%27%20viewBox%3D%270%200%20245%20321%27%3E%3Crect%20width%3D%27245%27%20height%3D%27321%27%20fill-opacity%3D%220%22%2F%3E%3C%2Fsvg%3E\" data-orig-src=\"https:\/\/www.eramet.com\/wp-content\/uploads\/2023\/03\/PhotoArticle2.jpg\" alt=\"Portrait de Daour Dieng\" data-modal-img-url=\"https:\/\/www.eramet.com\/wp-content\/uploads\/2023\/03\/PhotoArticle2.jpg\" \/><\/p>\n<p>&nbsp;<\/p>\n<\/div>\n<div>\n<p><strong>Daour Dieng<\/strong> assumera d\u00e9sormais la fonction de Pr\u00e9sident du Conseil d\u2019Administration de GCO, en plus de son poste de Directeur Communaut\u00e9s, Environnement et Affaires Publiques. Il continuera \u00e9galement \u00e0 assumer la gestion des bureaux du si\u00e8ge de GCO \u00e0 Dakar et du personnel qui y est affect\u00e9, en coordination avec leurs d\u00e9partements fonctionnels.<br \/>\nDepuis juillet et jusqu\u2019\u00e0 la nomination de Michel Priv\u00e9, il a assum\u00e9 la fonction de Directeur G\u00e9n\u00e9ral de GCO. Il rapporte d\u00e9sormais \u00e0 Michel Priv\u00e9.<br \/>\nLes directions du groupe Eramet et de GCO remercient tout particuli\u00e8rement Daour pour son implication et son action \u00e0 ce poste.<\/p>\n<\/div>\n<\/div>\n<\/div>\n","protected":false},"excerpt":{"rendered":"<p>Le Conseil d\u2019Administration de GCO vient d\u2019approuver la nomination de Michel Priv\u00e9 comme Directeur G\u00e9n\u00e9ral et de Daour Dieng comme [&hellip;]<\/p>\n","protected":false},"author":1,"featured_media":27674,"comment_status":"open","ping_status":"open","sticky":false,"template":"","format":"standard","meta":{"_acf_changed":false,"inline_featured_image":false,"footnotes":""},"categories":[32,33],"tags":[151,309,124,143],"class_list":["post-30935","post","type-post","status-publish","format-standard","has-post-thumbnail","hentry","category-groupe","category-rh","tag-eramet-grande-cote","tag-nomination","tag-sables-mineralises","tag-senegal","nature-actualite"],"acf":[],"yoast_head":"<!-- This site is optimized with the Yoast SEO plugin v25.3.1 - https:\/\/yoast.com\/wordpress\/plugins\/seo\/ -->\n<title>Nomination aux postes de direction de GCO - 30 octobre 2019 - News - Eramet<\/title>\n<meta name=\"robots\" content=\"index, follow, max-snippet:-1, max-image-preview:large, max-video-preview:-1\" \/>\n<link rel=\"canonical\" href=\"https:\/\/www.eramet.com\/fr\/news\/nomination-aux-postes-de-direction-de-gco\/\" \/>\n<meta property=\"og:locale\" content=\"fr_FR\" \/>\n<meta property=\"og:type\" content=\"article\" \/>\n<meta property=\"og:title\" content=\"Nomination aux postes de direction de GCO - 30 octobre 2019 - News - Eramet\" \/>\n<meta property=\"og:description\" content=\"Le Conseil d\u2019Administration de GCO vient d\u2019approuver la nomination de Michel Priv\u00e9 comme Directeur G\u00e9n\u00e9ral et de Daour Dieng comme [&hellip;]\" \/>\n<meta property=\"og:url\" content=\"https:\/\/www.eramet.com\/fr\/news\/nomination-aux-postes-de-direction-de-gco\/\" \/>\n<meta property=\"og:site_name\" content=\"Eramet\" \/>\n<meta property=\"article:publisher\" content=\"https:\/\/www.facebook.com\/Erametgroupe\/\" \/>\n<meta property=\"article:published_time\" content=\"2019-10-30T11:00:00+00:00\" \/>\n<meta property=\"article:modified_time\" content=\"2023-08-07T12:44:04+00:00\" \/>\n<meta property=\"og:image\" content=\"https:\/\/www.eramet.com\/wp-content\/uploads\/2023\/04\/Dredge-01_2016_2.jpg\" \/>\n\t<meta property=\"og:image:width\" content=\"500\" \/>\n\t<meta property=\"og:image:height\" content=\"300\" \/>\n\t<meta property=\"og:image:type\" content=\"image\/jpeg\" \/>\n<meta name=\"author\" content=\"register\" \/>\n<meta name=\"twitter:card\" content=\"summary_large_image\" \/>\n<meta name=\"twitter:creator\" content=\"@GroupeEramet\" \/>\n<meta name=\"twitter:site\" content=\"@GroupeEramet\" \/>\n<meta name=\"twitter:label1\" content=\"\u00c9crit par\" \/>\n\t<meta name=\"twitter:data1\" content=\"register\" \/>\n\t<meta name=\"twitter:label2\" content=\"Dur\u00e9e de lecture estim\u00e9e\" \/>\n\t<meta name=\"twitter:data2\" content=\"2 minutes\" \/>\n<script type=\"application\/ld+json\" class=\"yoast-schema-graph\">{\"@context\":\"https:\/\/schema.org\",\"@graph\":[{\"@type\":\"Article\",\"@id\":\"https:\/\/www.eramet.com\/fr\/news\/nomination-aux-postes-de-direction-de-gco\/#article\",\"isPartOf\":{\"@id\":\"https:\/\/www.eramet.com\/fr\/news\/nomination-aux-postes-de-direction-de-gco\/\"},\"author\":{\"name\":\"register\",\"@id\":\"https:\/\/www.eramet.com\/fr\/#\/schema\/person\/a42677aae3dfc685f7407ca3f789f14a\"},\"headline\":\"Nomination aux postes de direction de GCO\",\"datePublished\":\"2019-10-30T11:00:00+00:00\",\"dateModified\":\"2023-08-07T12:44:04+00:00\",\"mainEntityOfPage\":{\"@id\":\"https:\/\/www.eramet.com\/fr\/news\/nomination-aux-postes-de-direction-de-gco\/\"},\"wordCount\":244,\"commentCount\":0,\"publisher\":{\"@id\":\"https:\/\/www.eramet.com\/fr\/#organization\"},\"image\":{\"@id\":\"https:\/\/www.eramet.com\/fr\/news\/nomination-aux-postes-de-direction-de-gco\/#primaryimage\"},\"thumbnailUrl\":\"https:\/\/www.eramet.com\/wp-content\/uploads\/2023\/04\/Dredge-01_2016_2.jpg\",\"keywords\":[\"Eramet Grande C\u00f4te\",\"Nomination\",\"Sables min\u00e9ralis\u00e9s\",\"S\u00e9n\u00e9gal\"],\"articleSection\":[\"Groupe\",\"RH\"],\"inLanguage\":\"fr-FR\",\"potentialAction\":[{\"@type\":\"CommentAction\",\"name\":\"Comment\",\"target\":[\"https:\/\/www.eramet.com\/fr\/news\/nomination-aux-postes-de-direction-de-gco\/#respond\"]}]},{\"@type\":\"WebPage\",\"@id\":\"https:\/\/www.eramet.com\/fr\/news\/nomination-aux-postes-de-direction-de-gco\/\",\"url\":\"https:\/\/www.eramet.com\/fr\/news\/nomination-aux-postes-de-direction-de-gco\/\",\"name\":\"Nomination aux postes de direction de GCO - 30 octobre 2019 - News - Eramet\",\"isPartOf\":{\"@id\":\"https:\/\/www.eramet.com\/fr\/#website\"},\"primaryImageOfPage\":{\"@id\":\"https:\/\/www.eramet.com\/fr\/news\/nomination-aux-postes-de-direction-de-gco\/#primaryimage\"},\"image\":{\"@id\":\"https:\/\/www.eramet.com\/fr\/news\/nomination-aux-postes-de-direction-de-gco\/#primaryimage\"},\"thumbnailUrl\":\"https:\/\/www.eramet.com\/wp-content\/uploads\/2023\/04\/Dredge-01_2016_2.jpg\",\"datePublished\":\"2019-10-30T11:00:00+00:00\",\"dateModified\":\"2023-08-07T12:44:04+00:00\",\"breadcrumb\":{\"@id\":\"https:\/\/www.eramet.com\/fr\/news\/nomination-aux-postes-de-direction-de-gco\/#breadcrumb\"},\"inLanguage\":\"fr-FR\",\"potentialAction\":[{\"@type\":\"ReadAction\",\"target\":[\"https:\/\/www.eramet.com\/fr\/news\/nomination-aux-postes-de-direction-de-gco\/\"]}]},{\"@type\":\"ImageObject\",\"inLanguage\":\"fr-FR\",\"@id\":\"https:\/\/www.eramet.com\/fr\/news\/nomination-aux-postes-de-direction-de-gco\/#primaryimage\",\"url\":\"https:\/\/www.eramet.com\/wp-content\/uploads\/2023\/04\/Dredge-01_2016_2.jpg\",\"contentUrl\":\"https:\/\/www.eramet.com\/wp-content\/uploads\/2023\/04\/Dredge-01_2016_2.jpg\",\"width\":500,\"height\":300},{\"@type\":\"BreadcrumbList\",\"@id\":\"https:\/\/www.eramet.com\/fr\/news\/nomination-aux-postes-de-direction-de-gco\/#breadcrumb\",\"itemListElement\":[{\"@type\":\"ListItem\",\"position\":1,\"name\":\"Eramet\",\"item\":\"https:\/\/www.eramet.com\/fr\/\"},{\"@type\":\"ListItem\",\"position\":2,\"name\":\"Nomination aux postes de direction de GCO\"}]},{\"@type\":\"WebSite\",\"@id\":\"https:\/\/www.eramet.com\/fr\/#website\",\"url\":\"https:\/\/www.eramet.com\/fr\/\",\"name\":\"Eramet\",\"description\":\"Committed to sustainable metals\",\"publisher\":{\"@id\":\"https:\/\/www.eramet.com\/fr\/#organization\"},\"potentialAction\":[{\"@type\":\"SearchAction\",\"target\":{\"@type\":\"EntryPoint\",\"urlTemplate\":\"https:\/\/www.eramet.com\/fr\/?s={search_term_string}\"},\"query-input\":{\"@type\":\"PropertyValueSpecification\",\"valueRequired\":true,\"valueName\":\"search_term_string\"}}],\"inLanguage\":\"fr-FR\"},{\"@type\":\"Organization\",\"@id\":\"https:\/\/www.eramet.com\/fr\/#organization\",\"name\":\"Eramet\",\"url\":\"https:\/\/www.eramet.com\/fr\/\",\"logo\":{\"@type\":\"ImageObject\",\"inLanguage\":\"fr-FR\",\"@id\":\"https:\/\/www.eramet.com\/fr\/#\/schema\/logo\/image\/\",\"url\":\"https:\/\/www.eramet.com\/wp-content\/uploads\/2023\/07\/Eramet-logo.png\",\"contentUrl\":\"https:\/\/www.eramet.com\/wp-content\/uploads\/2023\/07\/Eramet-logo.png\",\"width\":800,\"height\":316,\"caption\":\"Eramet\"},\"image\":{\"@id\":\"https:\/\/www.eramet.com\/fr\/#\/schema\/logo\/image\/\"},\"sameAs\":[\"https:\/\/www.facebook.com\/Erametgroupe\/\",\"https:\/\/x.com\/GroupeEramet\",\"https:\/\/www.linkedin.com\/company\/163668\",\"https:\/\/www.youtube.com\/channel\/UClYCNuDEwBjXD-njglf9UaQ\"]},{\"@type\":\"Person\",\"@id\":\"https:\/\/www.eramet.com\/fr\/#\/schema\/person\/a42677aae3dfc685f7407ca3f789f14a\",\"name\":\"register\",\"sameAs\":[\"https:\/\/www.eramet.com\"]}]}<\/script>\n<!-- \/ Yoast SEO plugin. -->","yoast_head_json":{"title":"Nomination aux postes de direction de GCO - 30 octobre 2019 - News - Eramet","robots":{"index":"index","follow":"follow","max-snippet":"max-snippet:-1","max-image-preview":"max-image-preview:large","max-video-preview":"max-video-preview:-1"},"canonical":"https:\/\/www.eramet.com\/fr\/news\/nomination-aux-postes-de-direction-de-gco\/","og_locale":"fr_FR","og_type":"article","og_title":"Nomination aux postes de direction de GCO - 30 octobre 2019 - News - Eramet","og_description":"Le Conseil d\u2019Administration de GCO vient d\u2019approuver la nomination de Michel Priv\u00e9 comme Directeur G\u00e9n\u00e9ral et de Daour Dieng comme [&hellip;]","og_url":"https:\/\/www.eramet.com\/fr\/news\/nomination-aux-postes-de-direction-de-gco\/","og_site_name":"Eramet","article_publisher":"https:\/\/www.facebook.com\/Erametgroupe\/","article_published_time":"2019-10-30T11:00:00+00:00","article_modified_time":"2023-08-07T12:44:04+00:00","og_image":[{"width":500,"height":300,"url":"https:\/\/www.eramet.com\/wp-content\/uploads\/2023\/04\/Dredge-01_2016_2.jpg","type":"image\/jpeg"}],"author":"register","twitter_card":"summary_large_image","twitter_creator":"@GroupeEramet","twitter_site":"@GroupeEramet","twitter_misc":{"\u00c9crit par":"register","Dur\u00e9e de lecture estim\u00e9e":"2 minutes"},"schema":{"@context":"https:\/\/schema.org","@graph":[{"@type":"Article","@id":"https:\/\/www.eramet.com\/fr\/news\/nomination-aux-postes-de-direction-de-gco\/#article","isPartOf":{"@id":"https:\/\/www.eramet.com\/fr\/news\/nomination-aux-postes-de-direction-de-gco\/"},"author":{"name":"register","@id":"https:\/\/www.eramet.com\/fr\/#\/schema\/person\/a42677aae3dfc685f7407ca3f789f14a"},"headline":"Nomination aux postes de direction de GCO","datePublished":"2019-10-30T11:00:00+00:00","dateModified":"2023-08-07T12:44:04+00:00","mainEntityOfPage":{"@id":"https:\/\/www.eramet.com\/fr\/news\/nomination-aux-postes-de-direction-de-gco\/"},"wordCount":244,"commentCount":0,"publisher":{"@id":"https:\/\/www.eramet.com\/fr\/#organization"},"image":{"@id":"https:\/\/www.eramet.com\/fr\/news\/nomination-aux-postes-de-direction-de-gco\/#primaryimage"},"thumbnailUrl":"https:\/\/www.eramet.com\/wp-content\/uploads\/2023\/04\/Dredge-01_2016_2.jpg","keywords":["Eramet Grande C\u00f4te","Nomination","Sables min\u00e9ralis\u00e9s","S\u00e9n\u00e9gal"],"articleSection":["Groupe","RH"],"inLanguage":"fr-FR","potentialAction":[{"@type":"CommentAction","name":"Comment","target":["https:\/\/www.eramet.com\/fr\/news\/nomination-aux-postes-de-direction-de-gco\/#respond"]}]},{"@type":"WebPage","@id":"https:\/\/www.eramet.com\/fr\/news\/nomination-aux-postes-de-direction-de-gco\/","url":"https:\/\/www.eramet.com\/fr\/news\/nomination-aux-postes-de-direction-de-gco\/","name":"Nomination aux postes de direction de GCO - 30 octobre 2019 - News - Eramet","isPartOf":{"@id":"https:\/\/www.eramet.com\/fr\/#website"},"primaryImageOfPage":{"@id":"https:\/\/www.eramet.com\/fr\/news\/nomination-aux-postes-de-direction-de-gco\/#primaryimage"},"image":{"@id":"https:\/\/www.eramet.com\/fr\/news\/nomination-aux-postes-de-direction-de-gco\/#primaryimage"},"thumbnailUrl":"https:\/\/www.eramet.com\/wp-content\/uploads\/2023\/04\/Dredge-01_2016_2.jpg","datePublished":"2019-10-30T11:00:00+00:00","dateModified":"2023-08-07T12:44:04+00:00","breadcrumb":{"@id":"https:\/\/www.eramet.com\/fr\/news\/nomination-aux-postes-de-direction-de-gco\/#breadcrumb"},"inLanguage":"fr-FR","potentialAction":[{"@type":"ReadAction","target":["https:\/\/www.eramet.com\/fr\/news\/nomination-aux-postes-de-direction-de-gco\/"]}]},{"@type":"ImageObject","inLanguage":"fr-FR","@id":"https:\/\/www.eramet.com\/fr\/news\/nomination-aux-postes-de-direction-de-gco\/#primaryimage","url":"https:\/\/www.eramet.com\/wp-content\/uploads\/2023\/04\/Dredge-01_2016_2.jpg","contentUrl":"https:\/\/www.eramet.com\/wp-content\/uploads\/2023\/04\/Dredge-01_2016_2.jpg","width":500,"height":300},{"@type":"BreadcrumbList","@id":"https:\/\/www.eramet.com\/fr\/news\/nomination-aux-postes-de-direction-de-gco\/#breadcrumb","itemListElement":[{"@type":"ListItem","position":1,"name":"Eramet","item":"https:\/\/www.eramet.com\/fr\/"},{"@type":"ListItem","position":2,"name":"Nomination aux postes de direction de GCO"}]},{"@type":"WebSite","@id":"https:\/\/www.eramet.com\/fr\/#website","url":"https:\/\/www.eramet.com\/fr\/","name":"Eramet","description":"Committed to sustainable metals","publisher":{"@id":"https:\/\/www.eramet.com\/fr\/#organization"},"potentialAction":[{"@type":"SearchAction","target":{"@type":"EntryPoint","urlTemplate":"https:\/\/www.eramet.com\/fr\/?s={search_term_string}"},"query-input":{"@type":"PropertyValueSpecification","valueRequired":true,"valueName":"search_term_string"}}],"inLanguage":"fr-FR"},{"@type":"Organization","@id":"https:\/\/www.eramet.com\/fr\/#organization","name":"Eramet","url":"https:\/\/www.eramet.com\/fr\/","logo":{"@type":"ImageObject","inLanguage":"fr-FR","@id":"https:\/\/www.eramet.com\/fr\/#\/schema\/logo\/image\/","url":"https:\/\/www.eramet.com\/wp-content\/uploads\/2023\/07\/Eramet-logo.png","contentUrl":"https:\/\/www.eramet.com\/wp-content\/uploads\/2023\/07\/Eramet-logo.png","width":800,"height":316,"caption":"Eramet"},"image":{"@id":"https:\/\/www.eramet.com\/fr\/#\/schema\/logo\/image\/"},"sameAs":["https:\/\/www.facebook.com\/Erametgroupe\/","https:\/\/x.com\/GroupeEramet","https:\/\/www.linkedin.com\/company\/163668","https:\/\/www.youtube.com\/channel\/UClYCNuDEwBjXD-njglf9UaQ"]},{"@type":"Person","@id":"https:\/\/www.eramet.com\/fr\/#\/schema\/person\/a42677aae3dfc685f7407ca3f789f14a","name":"register","sameAs":["https:\/\/www.eramet.com"]}]}},"_links":{"self":[{"href":"https:\/\/www.eramet.com\/fr\/wp-json\/wp\/v2\/posts\/30935","targetHints":{"allow":["GET"]}}],"collection":[{"href":"https:\/\/www.eramet.com\/fr\/wp-json\/wp\/v2\/posts"}],"about":[{"href":"https:\/\/www.eramet.com\/fr\/wp-json\/wp\/v2\/types\/post"}],"author":[{"embeddable":true,"href":"https:\/\/www.eramet.com\/fr\/wp-json\/wp\/v2\/users\/1"}],"replies":[{"embeddable":true,"href":"https:\/\/www.eramet.com\/fr\/wp-json\/wp\/v2\/comments?post=30935"}],"version-history":[{"count":0,"href":"https:\/\/www.eramet.com\/fr\/wp-json\/wp\/v2\/posts\/30935\/revisions"}],"wp:featuredmedia":[{"embeddable":true,"href":"https:\/\/www.eramet.com\/fr\/wp-json\/wp\/v2\/media\/27674"}],"wp:attachment":[{"href":"https:\/\/www.eramet.com\/fr\/wp-json\/wp\/v2\/media?parent=30935"}],"wp:term":[{"taxonomy":"category","embeddable":true,"href":"https:\/\/www.eramet.com\/fr\/wp-json\/wp\/v2\/categories?post=30935"},{"taxonomy":"post_tag","embeddable":true,"href":"https:\/\/www.eramet.com\/fr\/wp-json\/wp\/v2\/tags?post=30935"}],"curies":[{"name":"wp","href":"https:\/\/api.w.org\/{rel}","templated":true}]}}