{"id":42467,"date":"2023-11-21T17:49:50","date_gmt":"2023-11-21T16:49:50","guid":{"rendered":"https:\/\/www.eramet.com\/?p=42467"},"modified":"2023-12-20T15:32:51","modified_gmt":"2023-12-20T14:32:51","slug":"dialogo-social-primera-sesion-del-foro-mundial-de-eramet-en-paris","status":"publish","type":"post","link":"https:\/\/www.eramet.com\/es\/news\/dialogo-social-primera-sesion-del-foro-mundial-de-eramet-en-paris\/","title":{"rendered":"Di\u00e1logo social: primera sesi\u00f3n del Foro Mundial de Eramet en Par\u00eds"},"content":{"rendered":"<div class=\"fusion-fullwidth fullwidth-box fusion-builder-row-1 fusion-flex-container nonhundred-percent-fullwidth non-hundred-percent-height-scrolling\" style=\"--awb-border-radius-top-left:0px;--awb-border-radius-top-right:0px;--awb-border-radius-bottom-right:0px;--awb-border-radius-bottom-left:0px;--awb-flex-wrap:wrap;\" ><div class=\"fusion-builder-row fusion-row fusion-flex-align-items-flex-start fusion-flex-justify-content-center fusion-flex-content-wrap\" style=\"max-width:1468.8px;margin-left: calc(-2% \/ 2 );margin-right: calc(-2% \/ 2 );\"><div class=\"fusion-layout-column fusion_builder_column fusion-builder-column-0 fusion_builder_column_2_3 2_3 fusion-flex-column\" style=\"--awb-bg-blend:overlay;--awb-bg-size:cover;--awb-width-large:66.666666666667%;--awb-margin-top-large:0px;--awb-spacing-right-large:1.47%;--awb-margin-bottom-large:20px;--awb-spacing-left-large:1.47%;--awb-width-medium:66.666666666667%;--awb-spacing-right-medium:1.47%;--awb-spacing-left-medium:1.47%;--awb-width-small:100%;--awb-spacing-right-small:0.98%;--awb-spacing-left-small:0.98%;\"><div class=\"fusion-column-wrapper fusion-flex-justify-content-flex-start fusion-content-layout-column\"><div class=\"fusion-text fusion-text-1\"><p>Los miembros del Foro Mundial de Eramet se reunieron en Par\u00eds el mi\u00e9rcoles 15 de noviembre, en presencia de los miembros del Comit\u00e9 Ejecutivo de Eramet, para celebrar la primera reuni\u00f3n plenaria de este foro mundial.<\/p>\n<p>Creado en junio de 2023, el Foro Global de Eramet re\u00fane por primera vez a la direcci\u00f3n de Eramet y a los representantes de los trabajadores de los principales pa\u00edses en los que opera el Grupo.<\/p>\n<p>Aut\u00e9ntica innovaci\u00f3n en materia de di\u00e1logo social, esta iniciativa es fruto de la reciente transformaci\u00f3n del Grupo, que en 2022 volvi\u00f3 a centrarse en su actividad principal: la miner\u00eda y la metalurgia. Este cambio de modelo ha modificado significativamente la huella geogr\u00e1fica de Eramet: m\u00e1s del 80 % de la plantilla estar\u00e1 ahora situada fuera de Europa. Eramet es la primera empresa minera que crea este tipo de organismo a escala mundial.<\/p>\n<p>Su misi\u00f3n es doble: en primer lugar, desarrollar y mantener un di\u00e1logo social abierto y respetuoso, para debatir la estrategia, los grandes proyectos, la RSC y el desarrollo de los empleados, y dar voz a los empleados en cuestiones clave para el futuro de Eramet.<\/p>\n<p>En segundo lugar, negociar acuerdos aplicables a todos los empleados sobre diversas cuestiones como la protecci\u00f3n social, el bienestar y la calidad de vida en el trabajo, la diversidad y la inclusi\u00f3n y la paternidad, adem\u00e1s de las iniciativas locales. Las primeras negociaciones est\u00e1n previstas para 2024.<\/p>\n<\/div><\/div><\/div><div class=\"fusion-layout-column fusion_builder_column fusion-builder-column-1 fusion_builder_column_1_1 1_1 fusion-flex-column\" style=\"--awb-padding-top:30px;--awb-padding-right:30px;--awb-padding-bottom:30px;--awb-padding-left:30px;--awb-overflow:hidden;--awb-bg-color:var(--awb-custom_color_6);--awb-bg-color-hover:var(--awb-custom_color_6);--awb-bg-size:cover;--awb-border-radius:10px 10px 10px 10px;--awb-width-large:100%;--awb-margin-top-large:0px;--awb-spacing-right-large:0.98%;--awb-margin-bottom-large:50px;--awb-spacing-left-large:0.98%;--awb-width-medium:100%;--awb-order-medium:0;--awb-spacing-right-medium:0.98%;--awb-spacing-left-medium:0.98%;--awb-width-small:100%;--awb-order-small:0;--awb-spacing-right-small:0.98%;--awb-spacing-left-small:0.98%;\"><div class=\"fusion-column-wrapper fusion-column-has-shadow fusion-flex-justify-content-flex-start fusion-content-layout-column\"><div class=\"fusion-text fusion-text-2 fusion-text-no-margin\"><blockquote>\n<p>Los participantes en el Foro expresaron su orgullo por participar en esta primera sesi\u00f3n del Foro Mundial de Eramet, que representa un fuerte s\u00edmbolo de equidad entre todos los pa\u00edses y equipos de Eramet.<\/p>\n<\/blockquote>\n<p><strong>Mireille RANDRETSA COSTE<br \/>\n<\/strong>Directora de Relaciones Laborales, Grupo Eramet<\/p>\n<\/div><\/div><\/div><\/div><\/div>\n","protected":false},"excerpt":{"rendered":"","protected":false},"author":3,"featured_media":40422,"comment_status":"closed","ping_status":"closed","sticky":false,"template":"","format":"standard","meta":{"_acf_changed":false,"inline_featured_image":false,"footnotes":""},"categories":[399],"tags":[681,678],"class_list":["post-42467","post","type-post","status-publish","format-standard","has-post-thumbnail","hentry","category-rh-es","tag-dialogo-social","tag-eramet-global-forum-es","nature-noticias"],"acf":[],"yoast_head":"<!-- This site is optimized with the Yoast SEO plugin v25.3.1 - https:\/\/yoast.com\/wordpress\/plugins\/seo\/ -->\n<title>Di\u00e1logo social: primera sesi\u00f3n del Foro Mundial de Eramet en Par\u00eds - 21 noviembre 2023 - News - Eramet<\/title>\n<meta name=\"robots\" content=\"index, follow, max-snippet:-1, max-image-preview:large, max-video-preview:-1\" \/>\n<link rel=\"canonical\" href=\"https:\/\/www.eramet.com\/es\/news\/dialogo-social-primera-sesion-del-foro-mundial-de-eramet-en-paris\/\" \/>\n<meta property=\"og:locale\" content=\"es_ES\" \/>\n<meta property=\"og:type\" content=\"article\" \/>\n<meta property=\"og:title\" content=\"Di\u00e1logo social: primera sesi\u00f3n del Foro Mundial de Eramet en Par\u00eds - 21 noviembre 2023 - News - Eramet\" \/>\n<meta property=\"og:url\" content=\"https:\/\/www.eramet.com\/es\/news\/dialogo-social-primera-sesion-del-foro-mundial-de-eramet-en-paris\/\" \/>\n<meta property=\"og:site_name\" content=\"Eramet\" \/>\n<meta property=\"article:publisher\" content=\"https:\/\/www.facebook.com\/Erametgroupe\/\" \/>\n<meta property=\"article:published_time\" content=\"2023-11-21T16:49:50+00:00\" \/>\n<meta property=\"article:modified_time\" content=\"2023-12-20T14:32:51+00:00\" \/>\n<meta property=\"og:image\" content=\"https:\/\/www.eramet.com\/wp-content\/uploads\/2023\/11\/2023-11-21_Eramet-Groupe_Dialogue-social-une-premiere-session-de-leramet-Global-Forum-a-Paris.jpg\" \/>\n\t<meta property=\"og:image:width\" content=\"1920\" \/>\n\t<meta property=\"og:image:height\" content=\"1080\" \/>\n\t<meta property=\"og:image:type\" content=\"image\/jpeg\" \/>\n<meta name=\"author\" content=\"Webmaster Eramet\" \/>\n<meta name=\"twitter:card\" content=\"summary_large_image\" \/>\n<meta name=\"twitter:creator\" content=\"@GroupeEramet\" \/>\n<meta name=\"twitter:site\" content=\"@GroupeEramet\" \/>\n<meta name=\"twitter:label1\" content=\"Written by\" \/>\n\t<meta name=\"twitter:data1\" content=\"Webmaster Eramet\" \/>\n\t<meta name=\"twitter:label2\" content=\"Est. reading time\" \/>\n\t<meta name=\"twitter:data2\" content=\"2 minutos\" \/>\n<script type=\"application\/ld+json\" class=\"yoast-schema-graph\">{\"@context\":\"https:\/\/schema.org\",\"@graph\":[{\"@type\":\"Article\",\"@id\":\"https:\/\/www.eramet.com\/es\/news\/dialogo-social-primera-sesion-del-foro-mundial-de-eramet-en-paris\/#article\",\"isPartOf\":{\"@id\":\"https:\/\/www.eramet.com\/es\/news\/dialogo-social-primera-sesion-del-foro-mundial-de-eramet-en-paris\/\"},\"author\":{\"name\":\"Webmaster Eramet\",\"@id\":\"https:\/\/www.eramet.com\/es\/#\/schema\/person\/83a0ed8eea67db99b6bcbc811f35ba32\"},\"headline\":\"Di\u00e1logo social: primera sesi\u00f3n del Foro Mundial de Eramet en Par\u00eds\",\"datePublished\":\"2023-11-21T16:49:50+00:00\",\"dateModified\":\"2023-12-20T14:32:51+00:00\",\"mainEntityOfPage\":{\"@id\":\"https:\/\/www.eramet.com\/es\/news\/dialogo-social-primera-sesion-del-foro-mundial-de-eramet-en-paris\/\"},\"wordCount\":852,\"publisher\":{\"@id\":\"https:\/\/www.eramet.com\/es\/#organization\"},\"image\":{\"@id\":\"https:\/\/www.eramet.com\/es\/news\/dialogo-social-primera-sesion-del-foro-mundial-de-eramet-en-paris\/#primaryimage\"},\"thumbnailUrl\":\"https:\/\/www.eramet.com\/wp-content\/uploads\/2023\/11\/2023-11-21_Eramet-Groupe_Dialogue-social-une-premiere-session-de-leramet-Global-Forum-a-Paris.jpg\",\"keywords\":[\"Di\u00e1logo social\",\"Eramet Global Forum\"],\"articleSection\":[\"RH\"],\"inLanguage\":\"es\"},{\"@type\":\"WebPage\",\"@id\":\"https:\/\/www.eramet.com\/es\/news\/dialogo-social-primera-sesion-del-foro-mundial-de-eramet-en-paris\/\",\"url\":\"https:\/\/www.eramet.com\/es\/news\/dialogo-social-primera-sesion-del-foro-mundial-de-eramet-en-paris\/\",\"name\":\"Di\u00e1logo social: primera sesi\u00f3n del Foro Mundial de Eramet en Par\u00eds - 21 noviembre 2023 - News - Eramet\",\"isPartOf\":{\"@id\":\"https:\/\/www.eramet.com\/es\/#website\"},\"primaryImageOfPage\":{\"@id\":\"https:\/\/www.eramet.com\/es\/news\/dialogo-social-primera-sesion-del-foro-mundial-de-eramet-en-paris\/#primaryimage\"},\"image\":{\"@id\":\"https:\/\/www.eramet.com\/es\/news\/dialogo-social-primera-sesion-del-foro-mundial-de-eramet-en-paris\/#primaryimage\"},\"thumbnailUrl\":\"https:\/\/www.eramet.com\/wp-content\/uploads\/2023\/11\/2023-11-21_Eramet-Groupe_Dialogue-social-une-premiere-session-de-leramet-Global-Forum-a-Paris.jpg\",\"datePublished\":\"2023-11-21T16:49:50+00:00\",\"dateModified\":\"2023-12-20T14:32:51+00:00\",\"breadcrumb\":{\"@id\":\"https:\/\/www.eramet.com\/es\/news\/dialogo-social-primera-sesion-del-foro-mundial-de-eramet-en-paris\/#breadcrumb\"},\"inLanguage\":\"es\",\"potentialAction\":[{\"@type\":\"ReadAction\",\"target\":[\"https:\/\/www.eramet.com\/es\/news\/dialogo-social-primera-sesion-del-foro-mundial-de-eramet-en-paris\/\"]}]},{\"@type\":\"ImageObject\",\"inLanguage\":\"es\",\"@id\":\"https:\/\/www.eramet.com\/es\/news\/dialogo-social-primera-sesion-del-foro-mundial-de-eramet-en-paris\/#primaryimage\",\"url\":\"https:\/\/www.eramet.com\/wp-content\/uploads\/2023\/11\/2023-11-21_Eramet-Groupe_Dialogue-social-une-premiere-session-de-leramet-Global-Forum-a-Paris.jpg\",\"contentUrl\":\"https:\/\/www.eramet.com\/wp-content\/uploads\/2023\/11\/2023-11-21_Eramet-Groupe_Dialogue-social-une-premiere-session-de-leramet-Global-Forum-a-Paris.jpg\",\"width\":1920,\"height\":1080},{\"@type\":\"BreadcrumbList\",\"@id\":\"https:\/\/www.eramet.com\/es\/news\/dialogo-social-primera-sesion-del-foro-mundial-de-eramet-en-paris\/#breadcrumb\",\"itemListElement\":[{\"@type\":\"ListItem\",\"position\":1,\"name\":\"Eramet\",\"item\":\"https:\/\/www.eramet.com\/es\/\"},{\"@type\":\"ListItem\",\"position\":2,\"name\":\"Di\u00e1logo social: primera sesi\u00f3n del Foro Mundial de Eramet en Par\u00eds\"}]},{\"@type\":\"WebSite\",\"@id\":\"https:\/\/www.eramet.com\/es\/#website\",\"url\":\"https:\/\/www.eramet.com\/es\/\",\"name\":\"Eramet\",\"description\":\"Committed to sustainable metals\",\"publisher\":{\"@id\":\"https:\/\/www.eramet.com\/es\/#organization\"},\"potentialAction\":[{\"@type\":\"SearchAction\",\"target\":{\"@type\":\"EntryPoint\",\"urlTemplate\":\"https:\/\/www.eramet.com\/es\/?s={search_term_string}\"},\"query-input\":{\"@type\":\"PropertyValueSpecification\",\"valueRequired\":true,\"valueName\":\"search_term_string\"}}],\"inLanguage\":\"es\"},{\"@type\":\"Organization\",\"@id\":\"https:\/\/www.eramet.com\/es\/#organization\",\"name\":\"Eramet\",\"url\":\"https:\/\/www.eramet.com\/es\/\",\"logo\":{\"@type\":\"ImageObject\",\"inLanguage\":\"es\",\"@id\":\"https:\/\/www.eramet.com\/es\/#\/schema\/logo\/image\/\",\"url\":\"https:\/\/www.eramet.com\/wp-content\/uploads\/2023\/07\/Eramet-logo.png\",\"contentUrl\":\"https:\/\/www.eramet.com\/wp-content\/uploads\/2023\/07\/Eramet-logo.png\",\"width\":800,\"height\":316,\"caption\":\"Eramet\"},\"image\":{\"@id\":\"https:\/\/www.eramet.com\/es\/#\/schema\/logo\/image\/\"},\"sameAs\":[\"https:\/\/www.facebook.com\/Erametgroupe\/\",\"https:\/\/x.com\/GroupeEramet\",\"https:\/\/www.linkedin.com\/company\/163668\",\"https:\/\/www.youtube.com\/channel\/UClYCNuDEwBjXD-njglf9UaQ\"]},{\"@type\":\"Person\",\"@id\":\"https:\/\/www.eramet.com\/es\/#\/schema\/person\/83a0ed8eea67db99b6bcbc811f35ba32\",\"name\":\"Webmaster Eramet\"}]}<\/script>\n<!-- \/ Yoast SEO plugin. -->","yoast_head_json":{"title":"Di\u00e1logo social: primera sesi\u00f3n del Foro Mundial de Eramet en Par\u00eds - 21 noviembre 2023 - News - Eramet","robots":{"index":"index","follow":"follow","max-snippet":"max-snippet:-1","max-image-preview":"max-image-preview:large","max-video-preview":"max-video-preview:-1"},"canonical":"https:\/\/www.eramet.com\/es\/news\/dialogo-social-primera-sesion-del-foro-mundial-de-eramet-en-paris\/","og_locale":"es_ES","og_type":"article","og_title":"Di\u00e1logo social: primera sesi\u00f3n del Foro Mundial de Eramet en Par\u00eds - 21 noviembre 2023 - News - Eramet","og_url":"https:\/\/www.eramet.com\/es\/news\/dialogo-social-primera-sesion-del-foro-mundial-de-eramet-en-paris\/","og_site_name":"Eramet","article_publisher":"https:\/\/www.facebook.com\/Erametgroupe\/","article_published_time":"2023-11-21T16:49:50+00:00","article_modified_time":"2023-12-20T14:32:51+00:00","og_image":[{"width":1920,"height":1080,"url":"https:\/\/www.eramet.com\/wp-content\/uploads\/2023\/11\/2023-11-21_Eramet-Groupe_Dialogue-social-une-premiere-session-de-leramet-Global-Forum-a-Paris.jpg","type":"image\/jpeg"}],"author":"Webmaster Eramet","twitter_card":"summary_large_image","twitter_creator":"@GroupeEramet","twitter_site":"@GroupeEramet","twitter_misc":{"Written by":"Webmaster Eramet","Est. reading time":"2 minutos"},"schema":{"@context":"https:\/\/schema.org","@graph":[{"@type":"Article","@id":"https:\/\/www.eramet.com\/es\/news\/dialogo-social-primera-sesion-del-foro-mundial-de-eramet-en-paris\/#article","isPartOf":{"@id":"https:\/\/www.eramet.com\/es\/news\/dialogo-social-primera-sesion-del-foro-mundial-de-eramet-en-paris\/"},"author":{"name":"Webmaster Eramet","@id":"https:\/\/www.eramet.com\/es\/#\/schema\/person\/83a0ed8eea67db99b6bcbc811f35ba32"},"headline":"Di\u00e1logo social: primera sesi\u00f3n del Foro Mundial de Eramet en Par\u00eds","datePublished":"2023-11-21T16:49:50+00:00","dateModified":"2023-12-20T14:32:51+00:00","mainEntityOfPage":{"@id":"https:\/\/www.eramet.com\/es\/news\/dialogo-social-primera-sesion-del-foro-mundial-de-eramet-en-paris\/"},"wordCount":852,"publisher":{"@id":"https:\/\/www.eramet.com\/es\/#organization"},"image":{"@id":"https:\/\/www.eramet.com\/es\/news\/dialogo-social-primera-sesion-del-foro-mundial-de-eramet-en-paris\/#primaryimage"},"thumbnailUrl":"https:\/\/www.eramet.com\/wp-content\/uploads\/2023\/11\/2023-11-21_Eramet-Groupe_Dialogue-social-une-premiere-session-de-leramet-Global-Forum-a-Paris.jpg","keywords":["Di\u00e1logo social","Eramet Global Forum"],"articleSection":["RH"],"inLanguage":"es"},{"@type":"WebPage","@id":"https:\/\/www.eramet.com\/es\/news\/dialogo-social-primera-sesion-del-foro-mundial-de-eramet-en-paris\/","url":"https:\/\/www.eramet.com\/es\/news\/dialogo-social-primera-sesion-del-foro-mundial-de-eramet-en-paris\/","name":"Di\u00e1logo social: primera sesi\u00f3n del Foro Mundial de Eramet en Par\u00eds - 21 noviembre 2023 - News - Eramet","isPartOf":{"@id":"https:\/\/www.eramet.com\/es\/#website"},"primaryImageOfPage":{"@id":"https:\/\/www.eramet.com\/es\/news\/dialogo-social-primera-sesion-del-foro-mundial-de-eramet-en-paris\/#primaryimage"},"image":{"@id":"https:\/\/www.eramet.com\/es\/news\/dialogo-social-primera-sesion-del-foro-mundial-de-eramet-en-paris\/#primaryimage"},"thumbnailUrl":"https:\/\/www.eramet.com\/wp-content\/uploads\/2023\/11\/2023-11-21_Eramet-Groupe_Dialogue-social-une-premiere-session-de-leramet-Global-Forum-a-Paris.jpg","datePublished":"2023-11-21T16:49:50+00:00","dateModified":"2023-12-20T14:32:51+00:00","breadcrumb":{"@id":"https:\/\/www.eramet.com\/es\/news\/dialogo-social-primera-sesion-del-foro-mundial-de-eramet-en-paris\/#breadcrumb"},"inLanguage":"es","potentialAction":[{"@type":"ReadAction","target":["https:\/\/www.eramet.com\/es\/news\/dialogo-social-primera-sesion-del-foro-mundial-de-eramet-en-paris\/"]}]},{"@type":"ImageObject","inLanguage":"es","@id":"https:\/\/www.eramet.com\/es\/news\/dialogo-social-primera-sesion-del-foro-mundial-de-eramet-en-paris\/#primaryimage","url":"https:\/\/www.eramet.com\/wp-content\/uploads\/2023\/11\/2023-11-21_Eramet-Groupe_Dialogue-social-une-premiere-session-de-leramet-Global-Forum-a-Paris.jpg","contentUrl":"https:\/\/www.eramet.com\/wp-content\/uploads\/2023\/11\/2023-11-21_Eramet-Groupe_Dialogue-social-une-premiere-session-de-leramet-Global-Forum-a-Paris.jpg","width":1920,"height":1080},{"@type":"BreadcrumbList","@id":"https:\/\/www.eramet.com\/es\/news\/dialogo-social-primera-sesion-del-foro-mundial-de-eramet-en-paris\/#breadcrumb","itemListElement":[{"@type":"ListItem","position":1,"name":"Eramet","item":"https:\/\/www.eramet.com\/es\/"},{"@type":"ListItem","position":2,"name":"Di\u00e1logo social: primera sesi\u00f3n del Foro Mundial de Eramet en Par\u00eds"}]},{"@type":"WebSite","@id":"https:\/\/www.eramet.com\/es\/#website","url":"https:\/\/www.eramet.com\/es\/","name":"Eramet","description":"Committed to sustainable metals","publisher":{"@id":"https:\/\/www.eramet.com\/es\/#organization"},"potentialAction":[{"@type":"SearchAction","target":{"@type":"EntryPoint","urlTemplate":"https:\/\/www.eramet.com\/es\/?s={search_term_string}"},"query-input":{"@type":"PropertyValueSpecification","valueRequired":true,"valueName":"search_term_string"}}],"inLanguage":"es"},{"@type":"Organization","@id":"https:\/\/www.eramet.com\/es\/#organization","name":"Eramet","url":"https:\/\/www.eramet.com\/es\/","logo":{"@type":"ImageObject","inLanguage":"es","@id":"https:\/\/www.eramet.com\/es\/#\/schema\/logo\/image\/","url":"https:\/\/www.eramet.com\/wp-content\/uploads\/2023\/07\/Eramet-logo.png","contentUrl":"https:\/\/www.eramet.com\/wp-content\/uploads\/2023\/07\/Eramet-logo.png","width":800,"height":316,"caption":"Eramet"},"image":{"@id":"https:\/\/www.eramet.com\/es\/#\/schema\/logo\/image\/"},"sameAs":["https:\/\/www.facebook.com\/Erametgroupe\/","https:\/\/x.com\/GroupeEramet","https:\/\/www.linkedin.com\/company\/163668","https:\/\/www.youtube.com\/channel\/UClYCNuDEwBjXD-njglf9UaQ"]},{"@type":"Person","@id":"https:\/\/www.eramet.com\/es\/#\/schema\/person\/83a0ed8eea67db99b6bcbc811f35ba32","name":"Webmaster Eramet"}]}},"_links":{"self":[{"href":"https:\/\/www.eramet.com\/es\/wp-json\/wp\/v2\/posts\/42467","targetHints":{"allow":["GET"]}}],"collection":[{"href":"https:\/\/www.eramet.com\/es\/wp-json\/wp\/v2\/posts"}],"about":[{"href":"https:\/\/www.eramet.com\/es\/wp-json\/wp\/v2\/types\/post"}],"author":[{"embeddable":true,"href":"https:\/\/www.eramet.com\/es\/wp-json\/wp\/v2\/users\/3"}],"replies":[{"embeddable":true,"href":"https:\/\/www.eramet.com\/es\/wp-json\/wp\/v2\/comments?post=42467"}],"version-history":[{"count":3,"href":"https:\/\/www.eramet.com\/es\/wp-json\/wp\/v2\/posts\/42467\/revisions"}],"predecessor-version":[{"id":44410,"href":"https:\/\/www.eramet.com\/es\/wp-json\/wp\/v2\/posts\/42467\/revisions\/44410"}],"wp:featuredmedia":[{"embeddable":true,"href":"https:\/\/www.eramet.com\/es\/wp-json\/wp\/v2\/media\/40422"}],"wp:attachment":[{"href":"https:\/\/www.eramet.com\/es\/wp-json\/wp\/v2\/media?parent=42467"}],"wp:term":[{"taxonomy":"category","embeddable":true,"href":"https:\/\/www.eramet.com\/es\/wp-json\/wp\/v2\/categories?post=42467"},{"taxonomy":"post_tag","embeddable":true,"href":"https:\/\/www.eramet.com\/es\/wp-json\/wp\/v2\/tags?post=42467"}],"curies":[{"name":"wp","href":"https:\/\/api.w.org\/{rel}","templated":true}]}}