{"id":42460,"date":"2023-11-14T14:00:37","date_gmt":"2023-11-14T13:00:37","guid":{"rendered":"https:\/\/www.eramet.com\/?p=42460"},"modified":"2023-12-20T15:40:47","modified_gmt":"2023-12-20T14:40:47","slug":"eramet-inaugura-una-planta-piloto-de-reciclaje-de-baterias-de-vehiculos-electricos-en-trappes-en-ingles","status":"publish","type":"post","link":"https:\/\/www.eramet.com\/es\/news\/eramet-inaugura-una-planta-piloto-de-reciclaje-de-baterias-de-vehiculos-electricos-en-trappes-en-ingles\/","title":{"rendered":"Eramet inaugura una planta piloto de reciclaje de bater\u00edas de veh\u00edculos el\u00e9ctricos en Trappes (en ingl\u00e9s)"},"content":{"rendered":"<div class=\"fusion-fullwidth fullwidth-box fusion-builder-row-1 fusion-flex-container nonhundred-percent-fullwidth non-hundred-percent-height-scrolling\" style=\"--awb-border-radius-top-left:0px;--awb-border-radius-top-right:0px;--awb-border-radius-bottom-right:0px;--awb-border-radius-bottom-left:0px;--awb-flex-wrap:wrap;\" ><div class=\"fusion-builder-row fusion-row fusion-flex-align-items-flex-start fusion-flex-justify-content-center fusion-flex-content-wrap\" style=\"max-width:1468.8px;margin-left: calc(-2% \/ 2 );margin-right: calc(-2% \/ 2 );\"><div class=\"fusion-layout-column fusion_builder_column fusion-builder-column-0 fusion_builder_column_2_3 2_3 fusion-flex-column\" style=\"--awb-bg-blend:overlay;--awb-bg-size:cover;--awb-width-large:66.666666666667%;--awb-margin-top-large:0px;--awb-spacing-right-large:1.47%;--awb-margin-bottom-large:20px;--awb-spacing-left-large:1.47%;--awb-width-medium:66.666666666667%;--awb-spacing-right-medium:1.47%;--awb-spacing-left-medium:1.47%;--awb-width-small:100%;--awb-spacing-right-small:0.98%;--awb-spacing-left-small:0.98%;\"><div class=\"fusion-column-wrapper fusion-flex-justify-content-flex-start fusion-content-layout-column\"><div class=\"fusion-text fusion-text-1\"><p><strong>Esta instalaci\u00f3n es una r\u00e9plica a escala 1:1.000 de la planta que se construir\u00e1 en Dunkerque (59), cuya puesta en marcha est\u00e1 prevista para 2027, a reserva de una decisi\u00f3n final de inversi\u00f3n prevista para finales de 2024.<\/strong><\/p>\n<p><strong>La creaci\u00f3n de esta planta piloto es una etapa clave de este proyecto realizado en colaboraci\u00f3n con SUEZ y destinado a ofrecer una soluci\u00f3n de reciclaje industrial de ciclo cerrado para las pilas al final de su vida \u00fatil y la chatarra procedente de la producci\u00f3n de pilas nuevas.<\/strong><\/p>\n<p>Gracias a su experiencia en hidrometalurgia, el Centro de Investigaci\u00f3n e Innovaci\u00f3n de Eramet, que emplea a 200 investigadores e ingenieros, ha desarrollado un proceso que puede reciclar infinitamente m\u00e1s del 90 % de los metales estrat\u00e9gicos (n\u00edquel, cobalto, litio) contenidos en la masa negra de las bater\u00edas al final de su vida \u00fatil y en la chatarra procedente de la producci\u00f3n de gigaf\u00e1bricas.<\/p>\n<p>Las sales met\u00e1licas de gran pureza obtenidas mediante este proceso y producidas en Dunkerque se utilizar\u00e1n para abastecer a la industria europea de bater\u00edas el\u00e9ctricas, contribuyendo a reducir la dependencia del continente de la importaci\u00f3n de metales cr\u00edticos.<\/p>\n<p>La planta piloto de 800 m\u00b2 se utilizar\u00e1 para probar y optimizar el proceso de extracci\u00f3n y refinado de estos metales a escala preindustrial, y para cualificar los productos finales para futuros clientes y socios.<\/p>\n<p>Este proyecto ha recibido 80 millones de euros de ayuda financiera del Fondo de Innovaci\u00f3n de la Uni\u00f3n Europea y de BPI Francia, a trav\u00e9s de su \u00abConvocatoria de proyectos sobre metales cr\u00edticos\u00bb, que forma parte del programa Francia 2030. Estos fondos se utilizar\u00e1n para financiar los estudios de preindustrializaci\u00f3n, la construcci\u00f3n de la planta y los costes de explotaci\u00f3n durante los 10 primeros a\u00f1os de funcionamiento.<\/p>\n<\/div><\/div><\/div><div class=\"fusion-layout-column fusion_builder_column fusion-builder-column-1 fusion_builder_column_1_1 1_1 fusion-flex-column\" style=\"--awb-padding-top:30px;--awb-padding-right:30px;--awb-padding-bottom:30px;--awb-padding-left:30px;--awb-overflow:hidden;--awb-bg-color:var(--awb-custom_color_6);--awb-bg-color-hover:var(--awb-custom_color_6);--awb-bg-size:cover;--awb-border-radius:10px 10px 10px 10px;--awb-width-large:100%;--awb-margin-top-large:0px;--awb-spacing-right-large:0.98%;--awb-margin-bottom-large:50px;--awb-spacing-left-large:0.98%;--awb-width-medium:100%;--awb-order-medium:0;--awb-spacing-right-medium:0.98%;--awb-spacing-left-medium:0.98%;--awb-width-small:100%;--awb-order-small:0;--awb-spacing-right-small:0.98%;--awb-spacing-left-small:0.98%;\"><div class=\"fusion-column-wrapper fusion-column-has-shadow fusion-flex-justify-content-flex-start fusion-content-layout-column\"><div class=\"fusion-text fusion-text-2 fusion-text-no-margin\"><blockquote>\n<p>Tras desarrollar una de las tecnolog\u00edas de extracci\u00f3n directa de litio m\u00e1s eficaces del mundo, nuestro Centro de Investigaci\u00f3n e Innovaci\u00f3n demuestra una vez m\u00e1s su excelencia y experiencia en la hidrometalurgia de metales cr\u00edticos. Este avance tecnol\u00f3gico nos posiciona, con nuestro socio SUEZ, como l\u00edderes del ma\u00f1ana en la recuperaci\u00f3n de las \u00abminas urbanas\u00bb, los millones de bater\u00edas el\u00e9ctricas que hay que reciclar y recuperar en Europa.<\/p>\n<\/blockquote>\n<p><strong>Christel Bories<\/strong><br \/>\nPresidenta y Directora General<\/p>\n<\/div><\/div><\/div><div class=\"fusion-layout-column fusion_builder_column fusion-builder-column-2 fusion_builder_column_1_1 1_1 fusion-flex-column\" style=\"--awb-padding-top:30px;--awb-padding-right:30px;--awb-padding-bottom:30px;--awb-padding-left:30px;--awb-overflow:hidden;--awb-bg-color:var(--awb-custom_color_6);--awb-bg-color-hover:var(--awb-custom_color_6);--awb-bg-size:cover;--awb-border-radius:10px 10px 10px 10px;--awb-width-large:100%;--awb-margin-top-large:0px;--awb-spacing-right-large:0.98%;--awb-margin-bottom-large:50px;--awb-spacing-left-large:0.98%;--awb-width-medium:100%;--awb-order-medium:0;--awb-spacing-right-medium:0.98%;--awb-spacing-left-medium:0.98%;--awb-width-small:100%;--awb-order-small:0;--awb-spacing-right-small:0.98%;--awb-spacing-left-small:0.98%;\"><div class=\"fusion-column-wrapper fusion-column-has-shadow fusion-flex-justify-content-flex-start fusion-content-layout-column\"><div class=\"fusion-text fusion-text-3 fusion-text-no-margin\"><blockquote>\n<p>Este proyecto Eramet &#8211; SUEZ, ganador de France 2030, es un proyecto importante y ejemplar. Es importante para no pasar de una dependencia a otra, ya que los metales cr\u00edticos est\u00e1n ahora en el centro de todas las cadenas de valor estrat\u00e9gicas de la econom\u00eda de carbono cero. Es ejemplar porque encarna la necesidad absoluta de incluir la sobriedad en todas nuestras pol\u00edticas p\u00fablicas. Este proyecto, que nos permitir\u00e1 reciclar las bater\u00edas el\u00e9ctricas de nuestros coches, cuya demanda se multiplicar\u00e1 al menos por diez de aqu\u00ed a 2030, tambi\u00e9n trata de la sobriedad en el uso de los metales, al reducir el consumo de los recursos primarios de nuestro planeta ofreciendo metales reciclados bajos en carbono.<\/p>\n<\/blockquote>\n<p><strong>Agn\u00e8s Pannier-Runacher<\/strong><br \/>\nMinistra de Transici\u00f3n Energ\u00e9tica<\/p>\n<\/div><\/div><\/div><\/div><\/div>\n","protected":false},"excerpt":{"rendered":"","protected":false},"author":3,"featured_media":40271,"comment_status":"closed","ping_status":"closed","sticky":false,"template":"","format":"standard","meta":{"_acf_changed":false,"inline_featured_image":false,"footnotes":""},"categories":[398,401],"tags":[412,459,547,541,548,561,557,498],"class_list":["post-42460","post","type-post","status-publish","format-standard","has-post-thumbnail","hentry","category-finanzas","category-grupo","tag-cobalt-es","tag-eramet-ideas-es","tag-francia","tag-innovacion","tag-investigacion-y-desarrollo","tag-litio","tag-niquel","tag-reciclaje-de-baterias","nature-comunicado-de-prensa","nature-noticias"],"acf":{"pdf":40334,"titre_du_pdf":"","pdf_rendering":true},"yoast_head":"<!-- This site is optimized with the Yoast SEO plugin v25.3.1 - https:\/\/yoast.com\/wordpress\/plugins\/seo\/ -->\n<title>Eramet inaugura una planta piloto de reciclaje de bater\u00edas de veh\u00edculos el\u00e9ctricos en Trappes (en ingl\u00e9s) - 14 noviembre 2023 - News - Eramet<\/title>\n<meta name=\"robots\" content=\"index, follow, max-snippet:-1, max-image-preview:large, max-video-preview:-1\" \/>\n<link rel=\"canonical\" href=\"https:\/\/www.eramet.com\/es\/news\/eramet-inaugura-una-planta-piloto-de-reciclaje-de-baterias-de-vehiculos-electricos-en-trappes-en-ingles\/\" \/>\n<meta property=\"og:locale\" content=\"es_ES\" \/>\n<meta property=\"og:type\" content=\"article\" \/>\n<meta property=\"og:title\" content=\"Eramet inaugura una planta piloto de reciclaje de bater\u00edas de veh\u00edculos el\u00e9ctricos en Trappes (en ingl\u00e9s) - 14 noviembre 2023 - News - Eramet\" \/>\n<meta property=\"og:url\" content=\"https:\/\/www.eramet.com\/es\/news\/eramet-inaugura-una-planta-piloto-de-reciclaje-de-baterias-de-vehiculos-electricos-en-trappes-en-ingles\/\" \/>\n<meta property=\"og:site_name\" content=\"Eramet\" \/>\n<meta property=\"article:publisher\" content=\"https:\/\/www.facebook.com\/Erametgroupe\/\" \/>\n<meta property=\"article:published_time\" content=\"2023-11-14T13:00:37+00:00\" \/>\n<meta property=\"article:modified_time\" content=\"2023-12-20T14:40:47+00:00\" \/>\n<meta property=\"og:image\" content=\"https:\/\/www.eramet.com\/wp-content\/uploads\/2023\/11\/2023-11-14-Eramet-ReLieVe-Inauguration-usine-pilote-Trappes.jpg\" \/>\n\t<meta property=\"og:image:width\" content=\"1920\" \/>\n\t<meta property=\"og:image:height\" content=\"1080\" \/>\n\t<meta property=\"og:image:type\" content=\"image\/jpeg\" \/>\n<meta name=\"author\" content=\"Webmaster Eramet\" \/>\n<meta name=\"twitter:card\" content=\"summary_large_image\" \/>\n<meta name=\"twitter:creator\" content=\"@GroupeEramet\" \/>\n<meta name=\"twitter:site\" content=\"@GroupeEramet\" \/>\n<meta name=\"twitter:label1\" content=\"Written by\" \/>\n\t<meta name=\"twitter:data1\" content=\"Webmaster Eramet\" \/>\n\t<meta name=\"twitter:label2\" content=\"Est. reading time\" \/>\n\t<meta name=\"twitter:data2\" content=\"3 minutos\" \/>\n<script type=\"application\/ld+json\" class=\"yoast-schema-graph\">{\"@context\":\"https:\/\/schema.org\",\"@graph\":[{\"@type\":\"Article\",\"@id\":\"https:\/\/www.eramet.com\/es\/news\/eramet-inaugura-una-planta-piloto-de-reciclaje-de-baterias-de-vehiculos-electricos-en-trappes-en-ingles\/#article\",\"isPartOf\":{\"@id\":\"https:\/\/www.eramet.com\/es\/news\/eramet-inaugura-una-planta-piloto-de-reciclaje-de-baterias-de-vehiculos-electricos-en-trappes-en-ingles\/\"},\"author\":{\"name\":\"Webmaster Eramet\",\"@id\":\"https:\/\/www.eramet.com\/es\/#\/schema\/person\/83a0ed8eea67db99b6bcbc811f35ba32\"},\"headline\":\"Eramet inaugura una planta piloto de reciclaje de bater\u00edas de veh\u00edculos el\u00e9ctricos en Trappes (en ingl\u00e9s)\",\"datePublished\":\"2023-11-14T13:00:37+00:00\",\"dateModified\":\"2023-12-20T14:40:47+00:00\",\"mainEntityOfPage\":{\"@id\":\"https:\/\/www.eramet.com\/es\/news\/eramet-inaugura-una-planta-piloto-de-reciclaje-de-baterias-de-vehiculos-electricos-en-trappes-en-ingles\/\"},\"wordCount\":1387,\"publisher\":{\"@id\":\"https:\/\/www.eramet.com\/es\/#organization\"},\"image\":{\"@id\":\"https:\/\/www.eramet.com\/es\/news\/eramet-inaugura-una-planta-piloto-de-reciclaje-de-baterias-de-vehiculos-electricos-en-trappes-en-ingles\/#primaryimage\"},\"thumbnailUrl\":\"https:\/\/www.eramet.com\/wp-content\/uploads\/2023\/11\/2023-11-14-Eramet-ReLieVe-Inauguration-usine-pilote-Trappes.jpg\",\"keywords\":[\"Cobalt\",\"Eramet Ideas\",\"Francia\",\"Innovaci\u00f3n\",\"Investigaci\u00f3n y Desarrollo\",\"Litio\",\"N\u00edquel\",\"Reciclaje de bater\u00edas\"],\"articleSection\":[\"Finanzas\",\"Grupo\"],\"inLanguage\":\"es\"},{\"@type\":\"WebPage\",\"@id\":\"https:\/\/www.eramet.com\/es\/news\/eramet-inaugura-una-planta-piloto-de-reciclaje-de-baterias-de-vehiculos-electricos-en-trappes-en-ingles\/\",\"url\":\"https:\/\/www.eramet.com\/es\/news\/eramet-inaugura-una-planta-piloto-de-reciclaje-de-baterias-de-vehiculos-electricos-en-trappes-en-ingles\/\",\"name\":\"Eramet inaugura una planta piloto de reciclaje de bater\u00edas de veh\u00edculos el\u00e9ctricos en Trappes (en ingl\u00e9s) - 14 noviembre 2023 - News - Eramet\",\"isPartOf\":{\"@id\":\"https:\/\/www.eramet.com\/es\/#website\"},\"primaryImageOfPage\":{\"@id\":\"https:\/\/www.eramet.com\/es\/news\/eramet-inaugura-una-planta-piloto-de-reciclaje-de-baterias-de-vehiculos-electricos-en-trappes-en-ingles\/#primaryimage\"},\"image\":{\"@id\":\"https:\/\/www.eramet.com\/es\/news\/eramet-inaugura-una-planta-piloto-de-reciclaje-de-baterias-de-vehiculos-electricos-en-trappes-en-ingles\/#primaryimage\"},\"thumbnailUrl\":\"https:\/\/www.eramet.com\/wp-content\/uploads\/2023\/11\/2023-11-14-Eramet-ReLieVe-Inauguration-usine-pilote-Trappes.jpg\",\"datePublished\":\"2023-11-14T13:00:37+00:00\",\"dateModified\":\"2023-12-20T14:40:47+00:00\",\"breadcrumb\":{\"@id\":\"https:\/\/www.eramet.com\/es\/news\/eramet-inaugura-una-planta-piloto-de-reciclaje-de-baterias-de-vehiculos-electricos-en-trappes-en-ingles\/#breadcrumb\"},\"inLanguage\":\"es\",\"potentialAction\":[{\"@type\":\"ReadAction\",\"target\":[\"https:\/\/www.eramet.com\/es\/news\/eramet-inaugura-una-planta-piloto-de-reciclaje-de-baterias-de-vehiculos-electricos-en-trappes-en-ingles\/\"]}]},{\"@type\":\"ImageObject\",\"inLanguage\":\"es\",\"@id\":\"https:\/\/www.eramet.com\/es\/news\/eramet-inaugura-una-planta-piloto-de-reciclaje-de-baterias-de-vehiculos-electricos-en-trappes-en-ingles\/#primaryimage\",\"url\":\"https:\/\/www.eramet.com\/wp-content\/uploads\/2023\/11\/2023-11-14-Eramet-ReLieVe-Inauguration-usine-pilote-Trappes.jpg\",\"contentUrl\":\"https:\/\/www.eramet.com\/wp-content\/uploads\/2023\/11\/2023-11-14-Eramet-ReLieVe-Inauguration-usine-pilote-Trappes.jpg\",\"width\":1920,\"height\":1080},{\"@type\":\"BreadcrumbList\",\"@id\":\"https:\/\/www.eramet.com\/es\/news\/eramet-inaugura-una-planta-piloto-de-reciclaje-de-baterias-de-vehiculos-electricos-en-trappes-en-ingles\/#breadcrumb\",\"itemListElement\":[{\"@type\":\"ListItem\",\"position\":1,\"name\":\"Eramet\",\"item\":\"https:\/\/www.eramet.com\/es\/\"},{\"@type\":\"ListItem\",\"position\":2,\"name\":\"Eramet inaugura una planta piloto de reciclaje de bater\u00edas de veh\u00edculos el\u00e9ctricos en Trappes (en ingl\u00e9s)\"}]},{\"@type\":\"WebSite\",\"@id\":\"https:\/\/www.eramet.com\/es\/#website\",\"url\":\"https:\/\/www.eramet.com\/es\/\",\"name\":\"Eramet\",\"description\":\"Committed to sustainable metals\",\"publisher\":{\"@id\":\"https:\/\/www.eramet.com\/es\/#organization\"},\"potentialAction\":[{\"@type\":\"SearchAction\",\"target\":{\"@type\":\"EntryPoint\",\"urlTemplate\":\"https:\/\/www.eramet.com\/es\/?s={search_term_string}\"},\"query-input\":{\"@type\":\"PropertyValueSpecification\",\"valueRequired\":true,\"valueName\":\"search_term_string\"}}],\"inLanguage\":\"es\"},{\"@type\":\"Organization\",\"@id\":\"https:\/\/www.eramet.com\/es\/#organization\",\"name\":\"Eramet\",\"url\":\"https:\/\/www.eramet.com\/es\/\",\"logo\":{\"@type\":\"ImageObject\",\"inLanguage\":\"es\",\"@id\":\"https:\/\/www.eramet.com\/es\/#\/schema\/logo\/image\/\",\"url\":\"https:\/\/www.eramet.com\/wp-content\/uploads\/2023\/07\/Eramet-logo.png\",\"contentUrl\":\"https:\/\/www.eramet.com\/wp-content\/uploads\/2023\/07\/Eramet-logo.png\",\"width\":800,\"height\":316,\"caption\":\"Eramet\"},\"image\":{\"@id\":\"https:\/\/www.eramet.com\/es\/#\/schema\/logo\/image\/\"},\"sameAs\":[\"https:\/\/www.facebook.com\/Erametgroupe\/\",\"https:\/\/x.com\/GroupeEramet\",\"https:\/\/www.linkedin.com\/company\/163668\",\"https:\/\/www.youtube.com\/channel\/UClYCNuDEwBjXD-njglf9UaQ\"]},{\"@type\":\"Person\",\"@id\":\"https:\/\/www.eramet.com\/es\/#\/schema\/person\/83a0ed8eea67db99b6bcbc811f35ba32\",\"name\":\"Webmaster Eramet\"}]}<\/script>\n<!-- \/ Yoast SEO plugin. -->","yoast_head_json":{"title":"Eramet inaugura una planta piloto de reciclaje de bater\u00edas de veh\u00edculos el\u00e9ctricos en Trappes (en ingl\u00e9s) - 14 noviembre 2023 - News - Eramet","robots":{"index":"index","follow":"follow","max-snippet":"max-snippet:-1","max-image-preview":"max-image-preview:large","max-video-preview":"max-video-preview:-1"},"canonical":"https:\/\/www.eramet.com\/es\/news\/eramet-inaugura-una-planta-piloto-de-reciclaje-de-baterias-de-vehiculos-electricos-en-trappes-en-ingles\/","og_locale":"es_ES","og_type":"article","og_title":"Eramet inaugura una planta piloto de reciclaje de bater\u00edas de veh\u00edculos el\u00e9ctricos en Trappes (en ingl\u00e9s) - 14 noviembre 2023 - News - Eramet","og_url":"https:\/\/www.eramet.com\/es\/news\/eramet-inaugura-una-planta-piloto-de-reciclaje-de-baterias-de-vehiculos-electricos-en-trappes-en-ingles\/","og_site_name":"Eramet","article_publisher":"https:\/\/www.facebook.com\/Erametgroupe\/","article_published_time":"2023-11-14T13:00:37+00:00","article_modified_time":"2023-12-20T14:40:47+00:00","og_image":[{"width":1920,"height":1080,"url":"https:\/\/www.eramet.com\/wp-content\/uploads\/2023\/11\/2023-11-14-Eramet-ReLieVe-Inauguration-usine-pilote-Trappes.jpg","type":"image\/jpeg"}],"author":"Webmaster Eramet","twitter_card":"summary_large_image","twitter_creator":"@GroupeEramet","twitter_site":"@GroupeEramet","twitter_misc":{"Written by":"Webmaster Eramet","Est. reading time":"3 minutos"},"schema":{"@context":"https:\/\/schema.org","@graph":[{"@type":"Article","@id":"https:\/\/www.eramet.com\/es\/news\/eramet-inaugura-una-planta-piloto-de-reciclaje-de-baterias-de-vehiculos-electricos-en-trappes-en-ingles\/#article","isPartOf":{"@id":"https:\/\/www.eramet.com\/es\/news\/eramet-inaugura-una-planta-piloto-de-reciclaje-de-baterias-de-vehiculos-electricos-en-trappes-en-ingles\/"},"author":{"name":"Webmaster Eramet","@id":"https:\/\/www.eramet.com\/es\/#\/schema\/person\/83a0ed8eea67db99b6bcbc811f35ba32"},"headline":"Eramet inaugura una planta piloto de reciclaje de bater\u00edas de veh\u00edculos el\u00e9ctricos en Trappes (en ingl\u00e9s)","datePublished":"2023-11-14T13:00:37+00:00","dateModified":"2023-12-20T14:40:47+00:00","mainEntityOfPage":{"@id":"https:\/\/www.eramet.com\/es\/news\/eramet-inaugura-una-planta-piloto-de-reciclaje-de-baterias-de-vehiculos-electricos-en-trappes-en-ingles\/"},"wordCount":1387,"publisher":{"@id":"https:\/\/www.eramet.com\/es\/#organization"},"image":{"@id":"https:\/\/www.eramet.com\/es\/news\/eramet-inaugura-una-planta-piloto-de-reciclaje-de-baterias-de-vehiculos-electricos-en-trappes-en-ingles\/#primaryimage"},"thumbnailUrl":"https:\/\/www.eramet.com\/wp-content\/uploads\/2023\/11\/2023-11-14-Eramet-ReLieVe-Inauguration-usine-pilote-Trappes.jpg","keywords":["Cobalt","Eramet Ideas","Francia","Innovaci\u00f3n","Investigaci\u00f3n y Desarrollo","Litio","N\u00edquel","Reciclaje de bater\u00edas"],"articleSection":["Finanzas","Grupo"],"inLanguage":"es"},{"@type":"WebPage","@id":"https:\/\/www.eramet.com\/es\/news\/eramet-inaugura-una-planta-piloto-de-reciclaje-de-baterias-de-vehiculos-electricos-en-trappes-en-ingles\/","url":"https:\/\/www.eramet.com\/es\/news\/eramet-inaugura-una-planta-piloto-de-reciclaje-de-baterias-de-vehiculos-electricos-en-trappes-en-ingles\/","name":"Eramet inaugura una planta piloto de reciclaje de bater\u00edas de veh\u00edculos el\u00e9ctricos en Trappes (en ingl\u00e9s) - 14 noviembre 2023 - News - Eramet","isPartOf":{"@id":"https:\/\/www.eramet.com\/es\/#website"},"primaryImageOfPage":{"@id":"https:\/\/www.eramet.com\/es\/news\/eramet-inaugura-una-planta-piloto-de-reciclaje-de-baterias-de-vehiculos-electricos-en-trappes-en-ingles\/#primaryimage"},"image":{"@id":"https:\/\/www.eramet.com\/es\/news\/eramet-inaugura-una-planta-piloto-de-reciclaje-de-baterias-de-vehiculos-electricos-en-trappes-en-ingles\/#primaryimage"},"thumbnailUrl":"https:\/\/www.eramet.com\/wp-content\/uploads\/2023\/11\/2023-11-14-Eramet-ReLieVe-Inauguration-usine-pilote-Trappes.jpg","datePublished":"2023-11-14T13:00:37+00:00","dateModified":"2023-12-20T14:40:47+00:00","breadcrumb":{"@id":"https:\/\/www.eramet.com\/es\/news\/eramet-inaugura-una-planta-piloto-de-reciclaje-de-baterias-de-vehiculos-electricos-en-trappes-en-ingles\/#breadcrumb"},"inLanguage":"es","potentialAction":[{"@type":"ReadAction","target":["https:\/\/www.eramet.com\/es\/news\/eramet-inaugura-una-planta-piloto-de-reciclaje-de-baterias-de-vehiculos-electricos-en-trappes-en-ingles\/"]}]},{"@type":"ImageObject","inLanguage":"es","@id":"https:\/\/www.eramet.com\/es\/news\/eramet-inaugura-una-planta-piloto-de-reciclaje-de-baterias-de-vehiculos-electricos-en-trappes-en-ingles\/#primaryimage","url":"https:\/\/www.eramet.com\/wp-content\/uploads\/2023\/11\/2023-11-14-Eramet-ReLieVe-Inauguration-usine-pilote-Trappes.jpg","contentUrl":"https:\/\/www.eramet.com\/wp-content\/uploads\/2023\/11\/2023-11-14-Eramet-ReLieVe-Inauguration-usine-pilote-Trappes.jpg","width":1920,"height":1080},{"@type":"BreadcrumbList","@id":"https:\/\/www.eramet.com\/es\/news\/eramet-inaugura-una-planta-piloto-de-reciclaje-de-baterias-de-vehiculos-electricos-en-trappes-en-ingles\/#breadcrumb","itemListElement":[{"@type":"ListItem","position":1,"name":"Eramet","item":"https:\/\/www.eramet.com\/es\/"},{"@type":"ListItem","position":2,"name":"Eramet inaugura una planta piloto de reciclaje de bater\u00edas de veh\u00edculos el\u00e9ctricos en Trappes (en ingl\u00e9s)"}]},{"@type":"WebSite","@id":"https:\/\/www.eramet.com\/es\/#website","url":"https:\/\/www.eramet.com\/es\/","name":"Eramet","description":"Committed to sustainable metals","publisher":{"@id":"https:\/\/www.eramet.com\/es\/#organization"},"potentialAction":[{"@type":"SearchAction","target":{"@type":"EntryPoint","urlTemplate":"https:\/\/www.eramet.com\/es\/?s={search_term_string}"},"query-input":{"@type":"PropertyValueSpecification","valueRequired":true,"valueName":"search_term_string"}}],"inLanguage":"es"},{"@type":"Organization","@id":"https:\/\/www.eramet.com\/es\/#organization","name":"Eramet","url":"https:\/\/www.eramet.com\/es\/","logo":{"@type":"ImageObject","inLanguage":"es","@id":"https:\/\/www.eramet.com\/es\/#\/schema\/logo\/image\/","url":"https:\/\/www.eramet.com\/wp-content\/uploads\/2023\/07\/Eramet-logo.png","contentUrl":"https:\/\/www.eramet.com\/wp-content\/uploads\/2023\/07\/Eramet-logo.png","width":800,"height":316,"caption":"Eramet"},"image":{"@id":"https:\/\/www.eramet.com\/es\/#\/schema\/logo\/image\/"},"sameAs":["https:\/\/www.facebook.com\/Erametgroupe\/","https:\/\/x.com\/GroupeEramet","https:\/\/www.linkedin.com\/company\/163668","https:\/\/www.youtube.com\/channel\/UClYCNuDEwBjXD-njglf9UaQ"]},{"@type":"Person","@id":"https:\/\/www.eramet.com\/es\/#\/schema\/person\/83a0ed8eea67db99b6bcbc811f35ba32","name":"Webmaster Eramet"}]}},"_links":{"self":[{"href":"https:\/\/www.eramet.com\/es\/wp-json\/wp\/v2\/posts\/42460","targetHints":{"allow":["GET"]}}],"collection":[{"href":"https:\/\/www.eramet.com\/es\/wp-json\/wp\/v2\/posts"}],"about":[{"href":"https:\/\/www.eramet.com\/es\/wp-json\/wp\/v2\/types\/post"}],"author":[{"embeddable":true,"href":"https:\/\/www.eramet.com\/es\/wp-json\/wp\/v2\/users\/3"}],"replies":[{"embeddable":true,"href":"https:\/\/www.eramet.com\/es\/wp-json\/wp\/v2\/comments?post=42460"}],"version-history":[{"count":6,"href":"https:\/\/www.eramet.com\/es\/wp-json\/wp\/v2\/posts\/42460\/revisions"}],"predecessor-version":[{"id":44412,"href":"https:\/\/www.eramet.com\/es\/wp-json\/wp\/v2\/posts\/42460\/revisions\/44412"}],"wp:featuredmedia":[{"embeddable":true,"href":"https:\/\/www.eramet.com\/es\/wp-json\/wp\/v2\/media\/40271"}],"wp:attachment":[{"href":"https:\/\/www.eramet.com\/es\/wp-json\/wp\/v2\/media?parent=42460"}],"wp:term":[{"taxonomy":"category","embeddable":true,"href":"https:\/\/www.eramet.com\/es\/wp-json\/wp\/v2\/categories?post=42460"},{"taxonomy":"post_tag","embeddable":true,"href":"https:\/\/www.eramet.com\/es\/wp-json\/wp\/v2\/tags?post=42460"}],"curies":[{"name":"wp","href":"https:\/\/api.w.org\/{rel}","templated":true}]}}