{"id":41641,"date":"2023-04-28T12:00:51","date_gmt":"2023-04-28T10:00:51","guid":{"rendered":"https:\/\/www.eramet.com\/sin-categorizar\/dia-mundial-de-la-seguridad-eramet-se-moviliza-para-prevenir-los-riesgos-viales\/"},"modified":"2024-01-23T14:33:12","modified_gmt":"2024-01-23T13:33:12","slug":"dia-mundial-de-la-seguridad-eramet-se-moviliza-para-prevenir-los-riesgos-viales","status":"publish","type":"post","link":"https:\/\/www.eramet.com\/es\/news\/dia-mundial-de-la-seguridad-eramet-se-moviliza-para-prevenir-los-riesgos-viales\/","title":{"rendered":"D\u00eda Mundial de la Seguridad: Eramet se moviliza para prevenir los riesgos viales"},"content":{"rendered":"<p><div class=\"fusion-fullwidth fullwidth-box fusion-builder-row-1 fusion-flex-container nonhundred-percent-fullwidth non-hundred-percent-height-scrolling\" style=\"--awb-border-radius-top-left:0px;--awb-border-radius-top-right:0px;--awb-border-radius-bottom-right:0px;--awb-border-radius-bottom-left:0px;--awb-flex-wrap:wrap;\" ><div class=\"fusion-builder-row fusion-row fusion-flex-align-items-flex-start fusion-flex-justify-content-center fusion-flex-content-wrap\" style=\"max-width:1468.8px;margin-left: calc(-2% \/ 2 );margin-right: calc(-2% \/ 2 );\"><div class=\"fusion-layout-column fusion_builder_column fusion-builder-column-0 fusion_builder_column_2_3 2_3 fusion-flex-column\" style=\"--awb-bg-blend:overlay;--awb-bg-size:cover;--awb-width-large:66.666666666667%;--awb-margin-top-large:0px;--awb-spacing-right-large:1.47%;--awb-margin-bottom-large:0px;--awb-spacing-left-large:1.47%;--awb-width-medium:66.666666666667%;--awb-spacing-right-medium:1.47%;--awb-spacing-left-medium:1.47%;--awb-width-small:100%;--awb-spacing-right-small:0.98%;--awb-spacing-left-small:0.98%;\"><div class=\"fusion-column-wrapper fusion-flex-justify-content-flex-start fusion-content-layout-column\"><div class=\"fusion-text fusion-text-1\"><p>Principal causa de accidentes laborales, el riesgo vial es una amenaza real. Con motivo del D\u00eda Mundial de la Seguridad, Eramet recuerda la importancia de aplicar una pol\u00edtica de seguridad vial de \u00abcero accidentes\u00bb a nivel global.<\/p>\n<h2>Normas de la mina para todo el Grupo<\/h2>\n<p>El Grupo cuenta con normas de seguridad relacionadas con los veh\u00edculos ligeros y pesados (camiones, <i>dumpers<\/i>), as\u00ed como con las v\u00edas de circulaci\u00f3n en nuestros emplazamientos mineros, que los equipos implementan en todas las filiales con el objetivo de que se conviertan en la norma para todos los emplazamientos en 2023.<\/p>\n<p>En nuestra planta de Weda Bay Nickel <strong>en Indonesia<\/strong>, las v\u00edas se han redefinido para instalar badenes y separadores de carril. Se han instalado radares, y un plan de circulaci\u00f3n en la mina permite evitar los cruces para los m\u00e1s de 500 veh\u00edculos que circulan por all\u00ed diariamente. Los camiones est\u00e1n equipados con un dispositivo de protecci\u00f3n antivuelco, una estructura met\u00e1lica que protege la cabina del conductor en caso de accidente. Este sistema, denominado ROPS (\u00abRoll Over Protection System\u00bb), se implementar\u00e1 en los pr\u00f3ximos meses en otros emplazamientos mineros del Grupo y se adaptar\u00e1 a los veh\u00edculos ligeros.<\/p>\n<h2>La tecnolog\u00eda digital al servicio de la prevenci\u00f3n<\/h2>\n<p>El Grupo tambi\u00e9n dispone de varias <strong>herramientas digitales<\/strong> de prevenci\u00f3n, en particular para detectar y gestionar el cansancio de los conductores. La herramienta <strong>OSPAT<\/strong> (\u00abOccupational Safety Performance Assessment Technology\u00bb)<strong>\u00a0<\/strong>por ejemplo, eval\u00faa el nivel de cansancio y la capacidad para incorporarse al puesto de trabajo mediante una prueba de agudeza visual. Su aplicaci\u00f3n est\u00e1 en marcha en todas nuestras minas.<\/p>\n<p>En Gab\u00f3n, se ha implementado con \u00e9xito una <strong>soluci\u00f3n de c\u00e1mara integrada<\/strong> en los veh\u00edculos de Comilog. La c\u00e1mara sigue la mirada del conductor durante su trayecto para detectar el cansancio, posibles distracciones (tel\u00e9fono, etc.) o microsue\u00f1os. Los datos recogidos se utilizan posteriormente para llevar a cabo acciones de prevenci\u00f3n. Los excelentes resultados observados, con una importante reducci\u00f3n de las situaciones de riesgo, permiten trabajar en la implantaci\u00f3n del sistema en otras sedes del Grupo.<\/p>\n<p>Por \u00faltimo, en Noruega, en nuestra filial Eramet Norway, <strong>un sistema anticolisi\u00f3n conectado<\/strong> protege a los empleados en las instalaciones industriales para reducir cualquier riesgo relacionado con la presencia simult\u00e1nea de m\u00e1quinas y peatones.<\/p>\n<\/div><\/div><\/div><div class=\"fusion-layout-column fusion_builder_column fusion-builder-column-1 fusion_builder_column_5_6 5_6 fusion-flex-column\" style=\"--awb-bg-blend:overlay;--awb-bg-size:cover;--awb-width-large:83.333333333333%;--awb-margin-top-large:0px;--awb-spacing-right-large:1.176%;--awb-margin-bottom-large:0px;--awb-spacing-left-large:1.176%;--awb-width-medium:83.333333333333%;--awb-spacing-right-medium:1.176%;--awb-spacing-left-medium:1.176%;--awb-width-small:100%;--awb-spacing-right-small:0.98%;--awb-spacing-left-small:0.98%;\"><div class=\"fusion-column-wrapper fusion-flex-justify-content-flex-start fusion-content-layout-column\"><div class=\"fusion-video fusion-youtube\" style=\"--awb-max-width:1200px;--awb-max-height:675px;--awb-margin-bottom:50px;\"><div class=\"video-shortcode\"><lite-youtube videoid=\"yBWZ5Gziu1Y\" class=\"landscape\" params=\"wmode=transparent&autoplay=1&enablejsapi=1\" title=\"YouTube video player 1\" width=\"1200\" height=\"675\"><\/lite-youtube><\/div><\/div><\/div><\/div><div class=\"fusion-layout-column fusion_builder_column fusion-builder-column-2 fusion_builder_column_2_3 2_3 fusion-flex-column\" style=\"--awb-bg-blend:overlay;--awb-bg-size:cover;--awb-width-large:66.666666666667%;--awb-margin-top-large:0px;--awb-spacing-right-large:1.47%;--awb-margin-bottom-large:0px;--awb-spacing-left-large:1.47%;--awb-width-medium:66.666666666667%;--awb-spacing-right-medium:1.47%;--awb-spacing-left-medium:1.47%;--awb-width-small:100%;--awb-spacing-right-small:0.98%;--awb-spacing-left-small:0.98%;\"><div class=\"fusion-column-wrapper fusion-flex-justify-content-flex-start fusion-content-layout-column\"><div class=\"fusion-text fusion-text-2\"><h2>Formar y concienciar<\/h2>\n<p>Finalmente, porque la prevenci\u00f3n tambi\u00e9n y sobre todo, se basa en la <strong>sensibilizaci\u00f3n y la formaci\u00f3n<\/strong>, la campa\u00f1a de comunicaci\u00f3n interna iniciada por el Departamento de Seguridad y Prevenci\u00f3n con motivo del D\u00eda Mundial de la Seguridad se lleva a cabo en cada uno de nuestros 17 emplazamientos mineros e industriales. Los empleados cuentan con m\u00f3dulos de aprendizaje electr\u00f3nico, en particular para formarles sobre los riesgos viales durante sus viajes de negocios.<\/p>\n<\/div><\/div><\/div><div class=\"fusion-layout-column fusion_builder_column fusion-builder-column-3 fusion_builder_column_5_6 5_6 fusion-flex-column\" style=\"--awb-bg-blend:overlay;--awb-bg-size:cover;--awb-width-large:83.333333333333%;--awb-margin-top-large:0px;--awb-spacing-right-large:1.176%;--awb-margin-bottom-large:0px;--awb-spacing-left-large:1.176%;--awb-width-medium:83.333333333333%;--awb-spacing-right-medium:1.176%;--awb-spacing-left-medium:1.176%;--awb-width-small:100%;--awb-spacing-right-small:0.98%;--awb-spacing-left-small:0.98%;\"><div class=\"fusion-column-wrapper fusion-flex-justify-content-flex-start fusion-content-layout-column\"><div class=\"fusion-image-element \" style=\"--awb-caption-title-font-family:var(--h2_typography-font-family);--awb-caption-title-font-weight:var(--h2_typography-font-weight);--awb-caption-title-font-style:var(--h2_typography-font-style);--awb-caption-title-size:var(--h2_typography-font-size);--awb-caption-title-transform:var(--h2_typography-text-transform);--awb-caption-title-line-height:var(--h2_typography-line-height);--awb-caption-title-letter-spacing:var(--h2_typography-letter-spacing);\"><span class=\" fusion-imageframe imageframe-none imageframe-1 hover-type-none\"><img decoding=\"async\" width=\"1920\" height=\"1080\" title=\"2023-04-28-Journ\u00e9e-mondiale-de-la-S\u00e9curit\u00e9-Eramet-se-mobilise-pour-pr\u00e9venir-les-risques-routiers-Former-sensibiliser\" src=\"https:\/\/www.eramet.com\/wp-content\/uploads\/2023\/05\/2023-04-28-Journee-mondiale-de-la-Securite-Eramet-se-mobilise-pour-prevenir-les-risques-routiers-Former-sensibiliser.jpg\" data-orig-src=\"https:\/\/www.eramet.com\/wp-content\/uploads\/2023\/05\/2023-04-28-Journee-mondiale-de-la-Securite-Eramet-se-mobilise-pour-prevenir-les-risques-routiers-Former-sensibiliser.jpg\" alt class=\"lazyload img-responsive wp-image-34747\" srcset=\"data:image\/svg+xml,%3Csvg%20xmlns%3D%27http%3A%2F%2Fwww.w3.org%2F2000%2Fsvg%27%20width%3D%271920%27%20height%3D%271080%27%20viewBox%3D%270%200%201920%201080%27%3E%3Crect%20width%3D%271920%27%20height%3D%271080%27%20fill-opacity%3D%220%22%2F%3E%3C%2Fsvg%3E\" data-srcset=\"https:\/\/www.eramet.com\/wp-content\/uploads\/2023\/05\/2023-04-28-Journee-mondiale-de-la-Securite-Eramet-se-mobilise-pour-prevenir-les-risques-routiers-Former-sensibiliser-200x113.jpg 200w, https:\/\/www.eramet.com\/wp-content\/uploads\/2023\/05\/2023-04-28-Journee-mondiale-de-la-Securite-Eramet-se-mobilise-pour-prevenir-les-risques-routiers-Former-sensibiliser-400x225.jpg 400w, https:\/\/www.eramet.com\/wp-content\/uploads\/2023\/05\/2023-04-28-Journee-mondiale-de-la-Securite-Eramet-se-mobilise-pour-prevenir-les-risques-routiers-Former-sensibiliser-600x338.jpg 600w, https:\/\/www.eramet.com\/wp-content\/uploads\/2023\/05\/2023-04-28-Journee-mondiale-de-la-Securite-Eramet-se-mobilise-pour-prevenir-les-risques-routiers-Former-sensibiliser-800x450.jpg 800w, https:\/\/www.eramet.com\/wp-content\/uploads\/2023\/05\/2023-04-28-Journee-mondiale-de-la-Securite-Eramet-se-mobilise-pour-prevenir-les-risques-routiers-Former-sensibiliser-1200x675.jpg 1200w, https:\/\/www.eramet.com\/wp-content\/uploads\/2023\/05\/2023-04-28-Journee-mondiale-de-la-Securite-Eramet-se-mobilise-pour-prevenir-les-risques-routiers-Former-sensibiliser.jpg 1920w\" data-sizes=\"auto\" data-orig-sizes=\"(max-width: 640px) 100vw, 1200px\" \/><\/span><\/div><\/div><\/div><\/div><\/div><div class=\"fusion-fullwidth fullwidth-box fusion-builder-row-2 fusion-flex-container has-pattern-background has-mask-background nonhundred-percent-fullwidth non-hundred-percent-height-scrolling\" style=\"--awb-border-radius-top-left:10px;--awb-border-radius-top-right:10px;--awb-border-radius-bottom-right:10px;--awb-border-radius-bottom-left:10px;--awb-overflow:hidden;--awb-padding-top:50px;--awb-padding-bottom:50px;--awb-margin-bottom:60px;--awb-margin-bottom-small:40px;--awb-background-color:#f1f0f7;--awb-flex-wrap:wrap;\" ><div class=\"fusion-builder-row fusion-row fusion-flex-align-items-flex-start fusion-flex-content-wrap\" style=\"max-width:1468.8px;margin-left: calc(-2% \/ 2 );margin-right: calc(-2% \/ 2 );\"><div class=\"fusion-layout-column fusion_builder_column fusion-builder-column-4 fusion_builder_column_1_4 1_4 fusion-flex-column\" style=\"--awb-padding-top:90px;--awb-padding-top-small:0px;--awb-bg-size:cover;--awb-width-large:25%;--awb-margin-top-large:0px;--awb-spacing-right-large:3.92%;--awb-margin-bottom-large:20px;--awb-spacing-left-large:3.92%;--awb-width-medium:25%;--awb-order-medium:0;--awb-spacing-right-medium:3.92%;--awb-spacing-left-medium:3.92%;--awb-width-small:100%;--awb-order-small:0;--awb-spacing-right-small:0.98%;--awb-spacing-left-small:0.98%;\"><div class=\"fusion-column-wrapper fusion-column-has-shadow fusion-flex-justify-content-flex-start fusion-content-layout-column\"><div class=\"fusion-image-element sm-text-align-center\" style=\"text-align:right;--awb-max-width:50%;--awb-caption-title-font-family:var(--h2_typography-font-family);--awb-caption-title-font-weight:var(--h2_typography-font-weight);--awb-caption-title-font-style:var(--h2_typography-font-style);--awb-caption-title-size:var(--h2_typography-font-size);--awb-caption-title-transform:var(--h2_typography-text-transform);--awb-caption-title-line-height:var(--h2_typography-line-height);--awb-caption-title-letter-spacing:var(--h2_typography-letter-spacing);\"><span class=\" fusion-imageframe imageframe-none imageframe-2 hover-type-none\" style=\"border-radius:100%;\"><img decoding=\"async\" width=\"230\" height=\"230\" title=\"Fr\u00e9d\u00e9ric Camuset\" src=\"https:\/\/www.eramet.com\/wp-content\/uploads\/2023\/05\/Frederic-Camuset.jpg\" data-orig-src=\"https:\/\/www.eramet.com\/wp-content\/uploads\/2023\/05\/Frederic-Camuset.jpg\" alt class=\"lazyload img-responsive wp-image-34750\" srcset=\"data:image\/svg+xml,%3Csvg%20xmlns%3D%27http%3A%2F%2Fwww.w3.org%2F2000%2Fsvg%27%20width%3D%27230%27%20height%3D%27230%27%20viewBox%3D%270%200%20230%20230%27%3E%3Crect%20width%3D%27230%27%20height%3D%27230%27%20fill-opacity%3D%220%22%2F%3E%3C%2Fsvg%3E\" data-srcset=\"https:\/\/www.eramet.com\/wp-content\/uploads\/2023\/05\/Frederic-Camuset-200x200.jpg 200w, https:\/\/www.eramet.com\/wp-content\/uploads\/2023\/05\/Frederic-Camuset.jpg 230w\" data-sizes=\"auto\" data-orig-sizes=\"(max-width: 640px) 100vw, 230px\" \/><\/span><\/div><div class=\"fusion-text fusion-text-3 sm-text-align-center\" style=\"--awb-content-alignment:right;--awb-margin-top:10px;\"><p><strong>Fr\u00e9d\u00e9ric Camuset<\/strong><br \/>\nDirector de Seguridad y Prevenci\u00f3n del Grupo<\/p>\n<\/div><\/div><\/div><div class=\"fusion-layout-column fusion_builder_column fusion-builder-column-5 fusion_builder_column_1_2 1_2 fusion-flex-column\" style=\"--awb-bg-size:cover;--awb-width-large:50%;--awb-margin-top-large:0px;--awb-spacing-right-large:1.96%;--awb-margin-bottom-large:0px;--awb-spacing-left-large:1.96%;--awb-width-medium:50%;--awb-order-medium:0;--awb-spacing-right-medium:1.96%;--awb-spacing-left-medium:1.96%;--awb-width-small:100%;--awb-order-small:0;--awb-spacing-right-small:0.98%;--awb-spacing-left-small:0.98%;\"><div class=\"fusion-column-wrapper fusion-column-has-shadow fusion-flex-justify-content-flex-start fusion-content-layout-column\"><div class=\"fusion-text fusion-text-4 fusion-text-no-margin\"><blockquote>\n<p>Garantizar la seguridad de los desplazamientos en veh\u00edculos es vital: por supuesto, para la seguridad y la salud de los empleados, pero tambi\u00e9n para llevar a cabo nuestras operaciones. \u00a1El veh\u00edculo es un puesto de trabajo como cualquier otro! Debe utilizarse con responsabilidad por la propia seguridad y la de los dem\u00e1s, cuidarlo y revisarlo peri\u00f3dicamente. Contamos con importantes recursos para reducir al m\u00e1ximo los riesgos viales: nuestros buenos resultados en seguridad lo demuestran y nos sit\u00faan entre los mejores de nuestro sector. Nuestra intenci\u00f3n es ir a\u00fan m\u00e1s lejos para garantizar que nuestros empleados regresen a casa en perfectas condiciones de salud.<\/p>\n<\/blockquote>\n<\/div><\/div><\/div><\/div><\/div><\/p>\n","protected":false},"excerpt":{"rendered":"","protected":false},"author":3,"featured_media":42398,"comment_status":"closed","ping_status":"closed","sticky":false,"template":"","format":"standard","meta":{"_acf_changed":false,"inline_featured_image":false,"footnotes":""},"categories":[401,399],"tags":[507],"class_list":["post-41641","post","type-post","status-publish","format-standard","has-post-thumbnail","hentry","category-grupo","category-rh-es","tag-seguridad","nature-noticias"],"acf":[],"yoast_head":"<!-- This site is optimized with the Yoast SEO plugin v25.3.1 - https:\/\/yoast.com\/wordpress\/plugins\/seo\/ -->\n<title>D\u00eda Mundial de la Seguridad: Eramet se moviliza para prevenir los riesgos viales - 28 abril 2023 - News - Eramet<\/title>\n<meta name=\"robots\" content=\"index, follow, max-snippet:-1, max-image-preview:large, max-video-preview:-1\" \/>\n<link rel=\"canonical\" href=\"https:\/\/www.eramet.com\/es\/news\/dia-mundial-de-la-seguridad-eramet-se-moviliza-para-prevenir-los-riesgos-viales\/\" \/>\n<meta property=\"og:locale\" content=\"es_ES\" \/>\n<meta property=\"og:type\" content=\"article\" \/>\n<meta property=\"og:title\" content=\"D\u00eda Mundial de la Seguridad: Eramet se moviliza para prevenir los riesgos viales - 28 abril 2023 - News - Eramet\" \/>\n<meta property=\"og:url\" content=\"https:\/\/www.eramet.com\/es\/news\/dia-mundial-de-la-seguridad-eramet-se-moviliza-para-prevenir-los-riesgos-viales\/\" \/>\n<meta property=\"og:site_name\" content=\"Eramet\" \/>\n<meta property=\"article:publisher\" content=\"https:\/\/www.facebook.com\/Erametgroupe\/\" \/>\n<meta property=\"article:published_time\" content=\"2023-04-28T10:00:51+00:00\" \/>\n<meta property=\"article:modified_time\" content=\"2024-01-23T13:33:12+00:00\" \/>\n<meta property=\"og:image\" content=\"https:\/\/www.eramet.com\/wp-content\/uploads\/2023\/05\/2023-04-28-Journee-mondiale-de-la-Securite-Eramet-se-mobilise-pour-prevenir-les-risques-routiers.jpg\" \/>\n\t<meta property=\"og:image:width\" content=\"1920\" \/>\n\t<meta property=\"og:image:height\" content=\"1080\" \/>\n\t<meta property=\"og:image:type\" content=\"image\/jpeg\" \/>\n<meta name=\"author\" content=\"Webmaster Eramet\" \/>\n<meta name=\"twitter:card\" content=\"summary_large_image\" \/>\n<meta name=\"twitter:creator\" content=\"@GroupeEramet\" \/>\n<meta name=\"twitter:site\" content=\"@GroupeEramet\" \/>\n<meta name=\"twitter:label1\" content=\"Written by\" \/>\n\t<meta name=\"twitter:data1\" content=\"Webmaster Eramet\" \/>\n\t<meta name=\"twitter:label2\" content=\"Est. reading time\" \/>\n\t<meta name=\"twitter:data2\" content=\"3 minutos\" \/>\n<script type=\"application\/ld+json\" class=\"yoast-schema-graph\">{\"@context\":\"https:\/\/schema.org\",\"@graph\":[{\"@type\":\"Article\",\"@id\":\"https:\/\/www.eramet.com\/es\/news\/dia-mundial-de-la-seguridad-eramet-se-moviliza-para-prevenir-los-riesgos-viales\/#article\",\"isPartOf\":{\"@id\":\"https:\/\/www.eramet.com\/es\/news\/dia-mundial-de-la-seguridad-eramet-se-moviliza-para-prevenir-los-riesgos-viales\/\"},\"author\":{\"name\":\"Webmaster Eramet\",\"@id\":\"https:\/\/www.eramet.com\/es\/#\/schema\/person\/83a0ed8eea67db99b6bcbc811f35ba32\"},\"headline\":\"D\u00eda Mundial de la Seguridad: Eramet se moviliza para prevenir los riesgos viales\",\"datePublished\":\"2023-04-28T10:00:51+00:00\",\"dateModified\":\"2024-01-23T13:33:12+00:00\",\"mainEntityOfPage\":{\"@id\":\"https:\/\/www.eramet.com\/es\/news\/dia-mundial-de-la-seguridad-eramet-se-moviliza-para-prevenir-los-riesgos-viales\/\"},\"wordCount\":1950,\"publisher\":{\"@id\":\"https:\/\/www.eramet.com\/es\/#organization\"},\"image\":{\"@id\":\"https:\/\/www.eramet.com\/es\/news\/dia-mundial-de-la-seguridad-eramet-se-moviliza-para-prevenir-los-riesgos-viales\/#primaryimage\"},\"thumbnailUrl\":\"https:\/\/www.eramet.com\/wp-content\/uploads\/2023\/05\/2023-04-28-Journee-mondiale-de-la-Securite-Eramet-se-mobilise-pour-prevenir-les-risques-routiers.jpg\",\"keywords\":[\"Seguridad\"],\"articleSection\":[\"Grupo\",\"RH\"],\"inLanguage\":\"es\"},{\"@type\":\"WebPage\",\"@id\":\"https:\/\/www.eramet.com\/es\/news\/dia-mundial-de-la-seguridad-eramet-se-moviliza-para-prevenir-los-riesgos-viales\/\",\"url\":\"https:\/\/www.eramet.com\/es\/news\/dia-mundial-de-la-seguridad-eramet-se-moviliza-para-prevenir-los-riesgos-viales\/\",\"name\":\"D\u00eda Mundial de la Seguridad: Eramet se moviliza para prevenir los riesgos viales - 28 abril 2023 - News - Eramet\",\"isPartOf\":{\"@id\":\"https:\/\/www.eramet.com\/es\/#website\"},\"primaryImageOfPage\":{\"@id\":\"https:\/\/www.eramet.com\/es\/news\/dia-mundial-de-la-seguridad-eramet-se-moviliza-para-prevenir-los-riesgos-viales\/#primaryimage\"},\"image\":{\"@id\":\"https:\/\/www.eramet.com\/es\/news\/dia-mundial-de-la-seguridad-eramet-se-moviliza-para-prevenir-los-riesgos-viales\/#primaryimage\"},\"thumbnailUrl\":\"https:\/\/www.eramet.com\/wp-content\/uploads\/2023\/05\/2023-04-28-Journee-mondiale-de-la-Securite-Eramet-se-mobilise-pour-prevenir-les-risques-routiers.jpg\",\"datePublished\":\"2023-04-28T10:00:51+00:00\",\"dateModified\":\"2024-01-23T13:33:12+00:00\",\"breadcrumb\":{\"@id\":\"https:\/\/www.eramet.com\/es\/news\/dia-mundial-de-la-seguridad-eramet-se-moviliza-para-prevenir-los-riesgos-viales\/#breadcrumb\"},\"inLanguage\":\"es\",\"potentialAction\":[{\"@type\":\"ReadAction\",\"target\":[\"https:\/\/www.eramet.com\/es\/news\/dia-mundial-de-la-seguridad-eramet-se-moviliza-para-prevenir-los-riesgos-viales\/\"]}]},{\"@type\":\"ImageObject\",\"inLanguage\":\"es\",\"@id\":\"https:\/\/www.eramet.com\/es\/news\/dia-mundial-de-la-seguridad-eramet-se-moviliza-para-prevenir-los-riesgos-viales\/#primaryimage\",\"url\":\"https:\/\/www.eramet.com\/wp-content\/uploads\/2023\/05\/2023-04-28-Journee-mondiale-de-la-Securite-Eramet-se-mobilise-pour-prevenir-les-risques-routiers.jpg\",\"contentUrl\":\"https:\/\/www.eramet.com\/wp-content\/uploads\/2023\/05\/2023-04-28-Journee-mondiale-de-la-Securite-Eramet-se-mobilise-pour-prevenir-les-risques-routiers.jpg\",\"width\":1920,\"height\":1080},{\"@type\":\"BreadcrumbList\",\"@id\":\"https:\/\/www.eramet.com\/es\/news\/dia-mundial-de-la-seguridad-eramet-se-moviliza-para-prevenir-los-riesgos-viales\/#breadcrumb\",\"itemListElement\":[{\"@type\":\"ListItem\",\"position\":1,\"name\":\"Eramet\",\"item\":\"https:\/\/www.eramet.com\/es\/\"},{\"@type\":\"ListItem\",\"position\":2,\"name\":\"D\u00eda Mundial de la Seguridad: Eramet se moviliza para prevenir los riesgos viales\"}]},{\"@type\":\"WebSite\",\"@id\":\"https:\/\/www.eramet.com\/es\/#website\",\"url\":\"https:\/\/www.eramet.com\/es\/\",\"name\":\"Eramet\",\"description\":\"Committed to sustainable metals\",\"publisher\":{\"@id\":\"https:\/\/www.eramet.com\/es\/#organization\"},\"potentialAction\":[{\"@type\":\"SearchAction\",\"target\":{\"@type\":\"EntryPoint\",\"urlTemplate\":\"https:\/\/www.eramet.com\/es\/?s={search_term_string}\"},\"query-input\":{\"@type\":\"PropertyValueSpecification\",\"valueRequired\":true,\"valueName\":\"search_term_string\"}}],\"inLanguage\":\"es\"},{\"@type\":\"Organization\",\"@id\":\"https:\/\/www.eramet.com\/es\/#organization\",\"name\":\"Eramet\",\"url\":\"https:\/\/www.eramet.com\/es\/\",\"logo\":{\"@type\":\"ImageObject\",\"inLanguage\":\"es\",\"@id\":\"https:\/\/www.eramet.com\/es\/#\/schema\/logo\/image\/\",\"url\":\"https:\/\/www.eramet.com\/wp-content\/uploads\/2023\/07\/Eramet-logo.png\",\"contentUrl\":\"https:\/\/www.eramet.com\/wp-content\/uploads\/2023\/07\/Eramet-logo.png\",\"width\":800,\"height\":316,\"caption\":\"Eramet\"},\"image\":{\"@id\":\"https:\/\/www.eramet.com\/es\/#\/schema\/logo\/image\/\"},\"sameAs\":[\"https:\/\/www.facebook.com\/Erametgroupe\/\",\"https:\/\/x.com\/GroupeEramet\",\"https:\/\/www.linkedin.com\/company\/163668\",\"https:\/\/www.youtube.com\/channel\/UClYCNuDEwBjXD-njglf9UaQ\"]},{\"@type\":\"Person\",\"@id\":\"https:\/\/www.eramet.com\/es\/#\/schema\/person\/83a0ed8eea67db99b6bcbc811f35ba32\",\"name\":\"Webmaster Eramet\"}]}<\/script>\n<!-- \/ Yoast SEO plugin. -->","yoast_head_json":{"title":"D\u00eda Mundial de la Seguridad: Eramet se moviliza para prevenir los riesgos viales - 28 abril 2023 - News - Eramet","robots":{"index":"index","follow":"follow","max-snippet":"max-snippet:-1","max-image-preview":"max-image-preview:large","max-video-preview":"max-video-preview:-1"},"canonical":"https:\/\/www.eramet.com\/es\/news\/dia-mundial-de-la-seguridad-eramet-se-moviliza-para-prevenir-los-riesgos-viales\/","og_locale":"es_ES","og_type":"article","og_title":"D\u00eda Mundial de la Seguridad: Eramet se moviliza para prevenir los riesgos viales - 28 abril 2023 - News - Eramet","og_url":"https:\/\/www.eramet.com\/es\/news\/dia-mundial-de-la-seguridad-eramet-se-moviliza-para-prevenir-los-riesgos-viales\/","og_site_name":"Eramet","article_publisher":"https:\/\/www.facebook.com\/Erametgroupe\/","article_published_time":"2023-04-28T10:00:51+00:00","article_modified_time":"2024-01-23T13:33:12+00:00","og_image":[{"width":1920,"height":1080,"url":"https:\/\/www.eramet.com\/wp-content\/uploads\/2023\/05\/2023-04-28-Journee-mondiale-de-la-Securite-Eramet-se-mobilise-pour-prevenir-les-risques-routiers.jpg","type":"image\/jpeg"}],"author":"Webmaster Eramet","twitter_card":"summary_large_image","twitter_creator":"@GroupeEramet","twitter_site":"@GroupeEramet","twitter_misc":{"Written by":"Webmaster Eramet","Est. reading time":"3 minutos"},"schema":{"@context":"https:\/\/schema.org","@graph":[{"@type":"Article","@id":"https:\/\/www.eramet.com\/es\/news\/dia-mundial-de-la-seguridad-eramet-se-moviliza-para-prevenir-los-riesgos-viales\/#article","isPartOf":{"@id":"https:\/\/www.eramet.com\/es\/news\/dia-mundial-de-la-seguridad-eramet-se-moviliza-para-prevenir-los-riesgos-viales\/"},"author":{"name":"Webmaster Eramet","@id":"https:\/\/www.eramet.com\/es\/#\/schema\/person\/83a0ed8eea67db99b6bcbc811f35ba32"},"headline":"D\u00eda Mundial de la Seguridad: Eramet se moviliza para prevenir los riesgos viales","datePublished":"2023-04-28T10:00:51+00:00","dateModified":"2024-01-23T13:33:12+00:00","mainEntityOfPage":{"@id":"https:\/\/www.eramet.com\/es\/news\/dia-mundial-de-la-seguridad-eramet-se-moviliza-para-prevenir-los-riesgos-viales\/"},"wordCount":1950,"publisher":{"@id":"https:\/\/www.eramet.com\/es\/#organization"},"image":{"@id":"https:\/\/www.eramet.com\/es\/news\/dia-mundial-de-la-seguridad-eramet-se-moviliza-para-prevenir-los-riesgos-viales\/#primaryimage"},"thumbnailUrl":"https:\/\/www.eramet.com\/wp-content\/uploads\/2023\/05\/2023-04-28-Journee-mondiale-de-la-Securite-Eramet-se-mobilise-pour-prevenir-les-risques-routiers.jpg","keywords":["Seguridad"],"articleSection":["Grupo","RH"],"inLanguage":"es"},{"@type":"WebPage","@id":"https:\/\/www.eramet.com\/es\/news\/dia-mundial-de-la-seguridad-eramet-se-moviliza-para-prevenir-los-riesgos-viales\/","url":"https:\/\/www.eramet.com\/es\/news\/dia-mundial-de-la-seguridad-eramet-se-moviliza-para-prevenir-los-riesgos-viales\/","name":"D\u00eda Mundial de la Seguridad: Eramet se moviliza para prevenir los riesgos viales - 28 abril 2023 - News - Eramet","isPartOf":{"@id":"https:\/\/www.eramet.com\/es\/#website"},"primaryImageOfPage":{"@id":"https:\/\/www.eramet.com\/es\/news\/dia-mundial-de-la-seguridad-eramet-se-moviliza-para-prevenir-los-riesgos-viales\/#primaryimage"},"image":{"@id":"https:\/\/www.eramet.com\/es\/news\/dia-mundial-de-la-seguridad-eramet-se-moviliza-para-prevenir-los-riesgos-viales\/#primaryimage"},"thumbnailUrl":"https:\/\/www.eramet.com\/wp-content\/uploads\/2023\/05\/2023-04-28-Journee-mondiale-de-la-Securite-Eramet-se-mobilise-pour-prevenir-les-risques-routiers.jpg","datePublished":"2023-04-28T10:00:51+00:00","dateModified":"2024-01-23T13:33:12+00:00","breadcrumb":{"@id":"https:\/\/www.eramet.com\/es\/news\/dia-mundial-de-la-seguridad-eramet-se-moviliza-para-prevenir-los-riesgos-viales\/#breadcrumb"},"inLanguage":"es","potentialAction":[{"@type":"ReadAction","target":["https:\/\/www.eramet.com\/es\/news\/dia-mundial-de-la-seguridad-eramet-se-moviliza-para-prevenir-los-riesgos-viales\/"]}]},{"@type":"ImageObject","inLanguage":"es","@id":"https:\/\/www.eramet.com\/es\/news\/dia-mundial-de-la-seguridad-eramet-se-moviliza-para-prevenir-los-riesgos-viales\/#primaryimage","url":"https:\/\/www.eramet.com\/wp-content\/uploads\/2023\/05\/2023-04-28-Journee-mondiale-de-la-Securite-Eramet-se-mobilise-pour-prevenir-les-risques-routiers.jpg","contentUrl":"https:\/\/www.eramet.com\/wp-content\/uploads\/2023\/05\/2023-04-28-Journee-mondiale-de-la-Securite-Eramet-se-mobilise-pour-prevenir-les-risques-routiers.jpg","width":1920,"height":1080},{"@type":"BreadcrumbList","@id":"https:\/\/www.eramet.com\/es\/news\/dia-mundial-de-la-seguridad-eramet-se-moviliza-para-prevenir-los-riesgos-viales\/#breadcrumb","itemListElement":[{"@type":"ListItem","position":1,"name":"Eramet","item":"https:\/\/www.eramet.com\/es\/"},{"@type":"ListItem","position":2,"name":"D\u00eda Mundial de la Seguridad: Eramet se moviliza para prevenir los riesgos viales"}]},{"@type":"WebSite","@id":"https:\/\/www.eramet.com\/es\/#website","url":"https:\/\/www.eramet.com\/es\/","name":"Eramet","description":"Committed to sustainable metals","publisher":{"@id":"https:\/\/www.eramet.com\/es\/#organization"},"potentialAction":[{"@type":"SearchAction","target":{"@type":"EntryPoint","urlTemplate":"https:\/\/www.eramet.com\/es\/?s={search_term_string}"},"query-input":{"@type":"PropertyValueSpecification","valueRequired":true,"valueName":"search_term_string"}}],"inLanguage":"es"},{"@type":"Organization","@id":"https:\/\/www.eramet.com\/es\/#organization","name":"Eramet","url":"https:\/\/www.eramet.com\/es\/","logo":{"@type":"ImageObject","inLanguage":"es","@id":"https:\/\/www.eramet.com\/es\/#\/schema\/logo\/image\/","url":"https:\/\/www.eramet.com\/wp-content\/uploads\/2023\/07\/Eramet-logo.png","contentUrl":"https:\/\/www.eramet.com\/wp-content\/uploads\/2023\/07\/Eramet-logo.png","width":800,"height":316,"caption":"Eramet"},"image":{"@id":"https:\/\/www.eramet.com\/es\/#\/schema\/logo\/image\/"},"sameAs":["https:\/\/www.facebook.com\/Erametgroupe\/","https:\/\/x.com\/GroupeEramet","https:\/\/www.linkedin.com\/company\/163668","https:\/\/www.youtube.com\/channel\/UClYCNuDEwBjXD-njglf9UaQ"]},{"@type":"Person","@id":"https:\/\/www.eramet.com\/es\/#\/schema\/person\/83a0ed8eea67db99b6bcbc811f35ba32","name":"Webmaster Eramet"}]}},"_links":{"self":[{"href":"https:\/\/www.eramet.com\/es\/wp-json\/wp\/v2\/posts\/41641","targetHints":{"allow":["GET"]}}],"collection":[{"href":"https:\/\/www.eramet.com\/es\/wp-json\/wp\/v2\/posts"}],"about":[{"href":"https:\/\/www.eramet.com\/es\/wp-json\/wp\/v2\/types\/post"}],"author":[{"embeddable":true,"href":"https:\/\/www.eramet.com\/es\/wp-json\/wp\/v2\/users\/3"}],"replies":[{"embeddable":true,"href":"https:\/\/www.eramet.com\/es\/wp-json\/wp\/v2\/comments?post=41641"}],"version-history":[{"count":14,"href":"https:\/\/www.eramet.com\/es\/wp-json\/wp\/v2\/posts\/41641\/revisions"}],"predecessor-version":[{"id":45057,"href":"https:\/\/www.eramet.com\/es\/wp-json\/wp\/v2\/posts\/41641\/revisions\/45057"}],"wp:featuredmedia":[{"embeddable":true,"href":"https:\/\/www.eramet.com\/es\/wp-json\/wp\/v2\/media\/42398"}],"wp:attachment":[{"href":"https:\/\/www.eramet.com\/es\/wp-json\/wp\/v2\/media?parent=41641"}],"wp:term":[{"taxonomy":"category","embeddable":true,"href":"https:\/\/www.eramet.com\/es\/wp-json\/wp\/v2\/categories?post=41641"},{"taxonomy":"post_tag","embeddable":true,"href":"https:\/\/www.eramet.com\/es\/wp-json\/wp\/v2\/tags?post=41641"}],"curies":[{"name":"wp","href":"https:\/\/api.w.org\/{rel}","templated":true}]}}