{"id":41536,"date":"2023-01-26T06:30:20","date_gmt":"2023-01-26T05:30:20","guid":{"rendered":"https:\/\/www.eramet.com\/sin-categorizar\/eramet-y-electricite-de-strasbourg-participan-en-un-proyecto-de-extraccion-sostenible-de-litio-alsaciano\/"},"modified":"2024-01-12T17:55:13","modified_gmt":"2024-01-12T16:55:13","slug":"eramet-y-electricite-de-strasbourg-participan-en-un-proyecto-de-extraccion-sostenible-de-litio-alsaciano","status":"publish","type":"post","link":"https:\/\/www.eramet.com\/es\/news\/eramet-y-electricite-de-strasbourg-participan-en-un-proyecto-de-extraccion-sostenible-de-litio-alsaciano\/","title":{"rendered":"Eramet y \u00c9lectricit\u00e9 de Strasbourg participan en un proyecto de extracci\u00f3n sostenible de litio alsaciano"},"content":{"rendered":"<div class=\"import2023\">\n<div class=\"chapo\"><\/div>\n<\/div>\n","protected":false},"excerpt":{"rendered":"","protected":false},"author":1,"featured_media":0,"comment_status":"closed","ping_status":"closed","sticky":false,"template":"","format":"standard","meta":{"_acf_changed":false,"inline_featured_image":false,"footnotes":""},"categories":[398,401],"tags":[547,496],"class_list":["post-41536","post","type-post","status-publish","format-standard","hentry","category-finanzas","category-grupo","tag-francia","tag-litio-geotermico","nature-comunicado-de-prensa"],"acf":{"pdf":29547,"titre_du_pdf":"","pdf_rendering":true},"yoast_head":"<!-- This site is optimized with the Yoast SEO plugin v25.9 - https:\/\/yoast.com\/wordpress\/plugins\/seo\/ -->\n<title>Eramet y \u00c9lectricit\u00e9 de Strasbourg participan en un proyecto de extracci\u00f3n sostenible de litio alsaciano - 26 enero 2023 - News - Eramet<\/title>\n<meta name=\"robots\" content=\"index, follow, max-snippet:-1, max-image-preview:large, max-video-preview:-1\" \/>\n<link rel=\"canonical\" href=\"https:\/\/www.eramet.com\/es\/news\/eramet-y-electricite-de-strasbourg-participan-en-un-proyecto-de-extraccion-sostenible-de-litio-alsaciano\/\" \/>\n<meta property=\"og:locale\" content=\"es_ES\" \/>\n<meta property=\"og:type\" content=\"article\" \/>\n<meta property=\"og:title\" content=\"Eramet y \u00c9lectricit\u00e9 de Strasbourg participan en un proyecto de extracci\u00f3n sostenible de litio alsaciano - 26 enero 2023 - News - Eramet\" \/>\n<meta property=\"og:url\" content=\"https:\/\/www.eramet.com\/es\/news\/eramet-y-electricite-de-strasbourg-participan-en-un-proyecto-de-extraccion-sostenible-de-litio-alsaciano\/\" \/>\n<meta property=\"og:site_name\" content=\"Eramet\" \/>\n<meta property=\"article:publisher\" content=\"https:\/\/www.facebook.com\/Erametgroupe\/\" \/>\n<meta property=\"article:published_time\" content=\"2023-01-26T05:30:20+00:00\" \/>\n<meta property=\"article:modified_time\" content=\"2024-01-12T16:55:13+00:00\" \/>\n<meta property=\"og:image\" content=\"https:\/\/www.eramet.com\/wp-content\/uploads\/2023\/12\/site-image.png\" \/>\n\t<meta property=\"og:image:width\" content=\"1200\" \/>\n\t<meta property=\"og:image:height\" content=\"675\" \/>\n\t<meta property=\"og:image:type\" content=\"image\/png\" \/>\n<meta name=\"author\" content=\"register\" \/>\n<meta name=\"twitter:card\" content=\"summary_large_image\" \/>\n<meta name=\"twitter:creator\" content=\"@GroupeEramet\" \/>\n<meta name=\"twitter:site\" content=\"@GroupeEramet\" \/>\n<meta name=\"twitter:label1\" content=\"Written by\" \/>\n\t<meta name=\"twitter:data1\" content=\"register\" \/>\n<script type=\"application\/ld+json\" class=\"yoast-schema-graph\">{\"@context\":\"https:\/\/schema.org\",\"@graph\":[{\"@type\":\"Article\",\"@id\":\"https:\/\/www.eramet.com\/es\/news\/eramet-y-electricite-de-strasbourg-participan-en-un-proyecto-de-extraccion-sostenible-de-litio-alsaciano\/#article\",\"isPartOf\":{\"@id\":\"https:\/\/www.eramet.com\/es\/news\/eramet-y-electricite-de-strasbourg-participan-en-un-proyecto-de-extraccion-sostenible-de-litio-alsaciano\/\"},\"author\":{\"name\":\"register\",\"@id\":\"https:\/\/www.eramet.com\/es\/#\/schema\/person\/a42677aae3dfc685f7407ca3f789f14a\"},\"headline\":\"Eramet y \u00c9lectricit\u00e9 de Strasbourg participan en un proyecto de extracci\u00f3n sostenible de litio alsaciano\",\"datePublished\":\"2023-01-26T05:30:20+00:00\",\"dateModified\":\"2024-01-12T16:55:13+00:00\",\"mainEntityOfPage\":{\"@id\":\"https:\/\/www.eramet.com\/es\/news\/eramet-y-electricite-de-strasbourg-participan-en-un-proyecto-de-extraccion-sostenible-de-litio-alsaciano\/\"},\"wordCount\":16,\"publisher\":{\"@id\":\"https:\/\/www.eramet.com\/es\/#organization\"},\"keywords\":[\"Francia\",\"Litio geot\u00e9rmico\"],\"articleSection\":[\"Finanzas\",\"Grupo\"],\"inLanguage\":\"es\"},{\"@type\":\"WebPage\",\"@id\":\"https:\/\/www.eramet.com\/es\/news\/eramet-y-electricite-de-strasbourg-participan-en-un-proyecto-de-extraccion-sostenible-de-litio-alsaciano\/\",\"url\":\"https:\/\/www.eramet.com\/es\/news\/eramet-y-electricite-de-strasbourg-participan-en-un-proyecto-de-extraccion-sostenible-de-litio-alsaciano\/\",\"name\":\"Eramet y \u00c9lectricit\u00e9 de Strasbourg participan en un proyecto de extracci\u00f3n sostenible de litio alsaciano - 26 enero 2023 - News - Eramet\",\"isPartOf\":{\"@id\":\"https:\/\/www.eramet.com\/es\/#website\"},\"datePublished\":\"2023-01-26T05:30:20+00:00\",\"dateModified\":\"2024-01-12T16:55:13+00:00\",\"breadcrumb\":{\"@id\":\"https:\/\/www.eramet.com\/es\/news\/eramet-y-electricite-de-strasbourg-participan-en-un-proyecto-de-extraccion-sostenible-de-litio-alsaciano\/#breadcrumb\"},\"inLanguage\":\"es\",\"potentialAction\":[{\"@type\":\"ReadAction\",\"target\":[\"https:\/\/www.eramet.com\/es\/news\/eramet-y-electricite-de-strasbourg-participan-en-un-proyecto-de-extraccion-sostenible-de-litio-alsaciano\/\"]}]},{\"@type\":\"BreadcrumbList\",\"@id\":\"https:\/\/www.eramet.com\/es\/news\/eramet-y-electricite-de-strasbourg-participan-en-un-proyecto-de-extraccion-sostenible-de-litio-alsaciano\/#breadcrumb\",\"itemListElement\":[{\"@type\":\"ListItem\",\"position\":1,\"name\":\"Eramet\",\"item\":\"https:\/\/www.eramet.com\/es\/\"},{\"@type\":\"ListItem\",\"position\":2,\"name\":\"Eramet y \u00c9lectricit\u00e9 de Strasbourg participan en un proyecto de extracci\u00f3n sostenible de litio alsaciano\"}]},{\"@type\":\"WebSite\",\"@id\":\"https:\/\/www.eramet.com\/es\/#website\",\"url\":\"https:\/\/www.eramet.com\/es\/\",\"name\":\"Eramet\",\"description\":\"Committed to sustainable metals\",\"publisher\":{\"@id\":\"https:\/\/www.eramet.com\/es\/#organization\"},\"potentialAction\":[{\"@type\":\"SearchAction\",\"target\":{\"@type\":\"EntryPoint\",\"urlTemplate\":\"https:\/\/www.eramet.com\/es\/?s={search_term_string}\"},\"query-input\":{\"@type\":\"PropertyValueSpecification\",\"valueRequired\":true,\"valueName\":\"search_term_string\"}}],\"inLanguage\":\"es\"},{\"@type\":\"Organization\",\"@id\":\"https:\/\/www.eramet.com\/es\/#organization\",\"name\":\"Eramet\",\"url\":\"https:\/\/www.eramet.com\/es\/\",\"logo\":{\"@type\":\"ImageObject\",\"inLanguage\":\"es\",\"@id\":\"https:\/\/www.eramet.com\/es\/#\/schema\/logo\/image\/\",\"url\":\"https:\/\/www.eramet.com\/wp-content\/uploads\/2023\/07\/Eramet-logo.png\",\"contentUrl\":\"https:\/\/www.eramet.com\/wp-content\/uploads\/2023\/07\/Eramet-logo.png\",\"width\":800,\"height\":316,\"caption\":\"Eramet\"},\"image\":{\"@id\":\"https:\/\/www.eramet.com\/es\/#\/schema\/logo\/image\/\"},\"sameAs\":[\"https:\/\/www.facebook.com\/Erametgroupe\/\",\"https:\/\/x.com\/GroupeEramet\",\"https:\/\/www.linkedin.com\/company\/163668\",\"https:\/\/www.youtube.com\/channel\/UClYCNuDEwBjXD-njglf9UaQ\"]},{\"@type\":\"Person\",\"@id\":\"https:\/\/www.eramet.com\/es\/#\/schema\/person\/a42677aae3dfc685f7407ca3f789f14a\",\"name\":\"register\",\"sameAs\":[\"https:\/\/www.eramet.com\"]}]}<\/script>\n<!-- \/ Yoast SEO plugin. -->","yoast_head_json":{"title":"Eramet y \u00c9lectricit\u00e9 de Strasbourg participan en un proyecto de extracci\u00f3n sostenible de litio alsaciano - 26 enero 2023 - News - Eramet","robots":{"index":"index","follow":"follow","max-snippet":"max-snippet:-1","max-image-preview":"max-image-preview:large","max-video-preview":"max-video-preview:-1"},"canonical":"https:\/\/www.eramet.com\/es\/news\/eramet-y-electricite-de-strasbourg-participan-en-un-proyecto-de-extraccion-sostenible-de-litio-alsaciano\/","og_locale":"es_ES","og_type":"article","og_title":"Eramet y \u00c9lectricit\u00e9 de Strasbourg participan en un proyecto de extracci\u00f3n sostenible de litio alsaciano - 26 enero 2023 - News - Eramet","og_url":"https:\/\/www.eramet.com\/es\/news\/eramet-y-electricite-de-strasbourg-participan-en-un-proyecto-de-extraccion-sostenible-de-litio-alsaciano\/","og_site_name":"Eramet","article_publisher":"https:\/\/www.facebook.com\/Erametgroupe\/","article_published_time":"2023-01-26T05:30:20+00:00","article_modified_time":"2024-01-12T16:55:13+00:00","og_image":[{"width":1200,"height":675,"url":"https:\/\/www.eramet.com\/wp-content\/uploads\/2023\/12\/site-image.png","type":"image\/png"}],"author":"register","twitter_card":"summary_large_image","twitter_creator":"@GroupeEramet","twitter_site":"@GroupeEramet","twitter_misc":{"Written by":"register"},"schema":{"@context":"https:\/\/schema.org","@graph":[{"@type":"Article","@id":"https:\/\/www.eramet.com\/es\/news\/eramet-y-electricite-de-strasbourg-participan-en-un-proyecto-de-extraccion-sostenible-de-litio-alsaciano\/#article","isPartOf":{"@id":"https:\/\/www.eramet.com\/es\/news\/eramet-y-electricite-de-strasbourg-participan-en-un-proyecto-de-extraccion-sostenible-de-litio-alsaciano\/"},"author":{"name":"register","@id":"https:\/\/www.eramet.com\/es\/#\/schema\/person\/a42677aae3dfc685f7407ca3f789f14a"},"headline":"Eramet y \u00c9lectricit\u00e9 de Strasbourg participan en un proyecto de extracci\u00f3n sostenible de litio alsaciano","datePublished":"2023-01-26T05:30:20+00:00","dateModified":"2024-01-12T16:55:13+00:00","mainEntityOfPage":{"@id":"https:\/\/www.eramet.com\/es\/news\/eramet-y-electricite-de-strasbourg-participan-en-un-proyecto-de-extraccion-sostenible-de-litio-alsaciano\/"},"wordCount":16,"publisher":{"@id":"https:\/\/www.eramet.com\/es\/#organization"},"keywords":["Francia","Litio geot\u00e9rmico"],"articleSection":["Finanzas","Grupo"],"inLanguage":"es"},{"@type":"WebPage","@id":"https:\/\/www.eramet.com\/es\/news\/eramet-y-electricite-de-strasbourg-participan-en-un-proyecto-de-extraccion-sostenible-de-litio-alsaciano\/","url":"https:\/\/www.eramet.com\/es\/news\/eramet-y-electricite-de-strasbourg-participan-en-un-proyecto-de-extraccion-sostenible-de-litio-alsaciano\/","name":"Eramet y \u00c9lectricit\u00e9 de Strasbourg participan en un proyecto de extracci\u00f3n sostenible de litio alsaciano - 26 enero 2023 - News - Eramet","isPartOf":{"@id":"https:\/\/www.eramet.com\/es\/#website"},"datePublished":"2023-01-26T05:30:20+00:00","dateModified":"2024-01-12T16:55:13+00:00","breadcrumb":{"@id":"https:\/\/www.eramet.com\/es\/news\/eramet-y-electricite-de-strasbourg-participan-en-un-proyecto-de-extraccion-sostenible-de-litio-alsaciano\/#breadcrumb"},"inLanguage":"es","potentialAction":[{"@type":"ReadAction","target":["https:\/\/www.eramet.com\/es\/news\/eramet-y-electricite-de-strasbourg-participan-en-un-proyecto-de-extraccion-sostenible-de-litio-alsaciano\/"]}]},{"@type":"BreadcrumbList","@id":"https:\/\/www.eramet.com\/es\/news\/eramet-y-electricite-de-strasbourg-participan-en-un-proyecto-de-extraccion-sostenible-de-litio-alsaciano\/#breadcrumb","itemListElement":[{"@type":"ListItem","position":1,"name":"Eramet","item":"https:\/\/www.eramet.com\/es\/"},{"@type":"ListItem","position":2,"name":"Eramet y \u00c9lectricit\u00e9 de Strasbourg participan en un proyecto de extracci\u00f3n sostenible de litio alsaciano"}]},{"@type":"WebSite","@id":"https:\/\/www.eramet.com\/es\/#website","url":"https:\/\/www.eramet.com\/es\/","name":"Eramet","description":"Committed to sustainable metals","publisher":{"@id":"https:\/\/www.eramet.com\/es\/#organization"},"potentialAction":[{"@type":"SearchAction","target":{"@type":"EntryPoint","urlTemplate":"https:\/\/www.eramet.com\/es\/?s={search_term_string}"},"query-input":{"@type":"PropertyValueSpecification","valueRequired":true,"valueName":"search_term_string"}}],"inLanguage":"es"},{"@type":"Organization","@id":"https:\/\/www.eramet.com\/es\/#organization","name":"Eramet","url":"https:\/\/www.eramet.com\/es\/","logo":{"@type":"ImageObject","inLanguage":"es","@id":"https:\/\/www.eramet.com\/es\/#\/schema\/logo\/image\/","url":"https:\/\/www.eramet.com\/wp-content\/uploads\/2023\/07\/Eramet-logo.png","contentUrl":"https:\/\/www.eramet.com\/wp-content\/uploads\/2023\/07\/Eramet-logo.png","width":800,"height":316,"caption":"Eramet"},"image":{"@id":"https:\/\/www.eramet.com\/es\/#\/schema\/logo\/image\/"},"sameAs":["https:\/\/www.facebook.com\/Erametgroupe\/","https:\/\/x.com\/GroupeEramet","https:\/\/www.linkedin.com\/company\/163668","https:\/\/www.youtube.com\/channel\/UClYCNuDEwBjXD-njglf9UaQ"]},{"@type":"Person","@id":"https:\/\/www.eramet.com\/es\/#\/schema\/person\/a42677aae3dfc685f7407ca3f789f14a","name":"register","sameAs":["https:\/\/www.eramet.com"]}]}},"_links":{"self":[{"href":"https:\/\/www.eramet.com\/es\/wp-json\/wp\/v2\/posts\/41536","targetHints":{"allow":["GET"]}}],"collection":[{"href":"https:\/\/www.eramet.com\/es\/wp-json\/wp\/v2\/posts"}],"about":[{"href":"https:\/\/www.eramet.com\/es\/wp-json\/wp\/v2\/types\/post"}],"author":[{"embeddable":true,"href":"https:\/\/www.eramet.com\/es\/wp-json\/wp\/v2\/users\/1"}],"replies":[{"embeddable":true,"href":"https:\/\/www.eramet.com\/es\/wp-json\/wp\/v2\/comments?post=41536"}],"version-history":[{"count":1,"href":"https:\/\/www.eramet.com\/es\/wp-json\/wp\/v2\/posts\/41536\/revisions"}],"predecessor-version":[{"id":41704,"href":"https:\/\/www.eramet.com\/es\/wp-json\/wp\/v2\/posts\/41536\/revisions\/41704"}],"wp:attachment":[{"href":"https:\/\/www.eramet.com\/es\/wp-json\/wp\/v2\/media?parent=41536"}],"wp:term":[{"taxonomy":"category","embeddable":true,"href":"https:\/\/www.eramet.com\/es\/wp-json\/wp\/v2\/categories?post=41536"},{"taxonomy":"post_tag","embeddable":true,"href":"https:\/\/www.eramet.com\/es\/wp-json\/wp\/v2\/tags?post=41536"}],"curies":[{"name":"wp","href":"https:\/\/api.w.org\/{rel}","templated":true}]}}